{"id":77721,"date":"2026-04-30T09:54:03","date_gmt":"2026-04-30T15:54:03","guid":{"rendered":"https:\/\/elconspirador.com.mx\/?p=77721"},"modified":"2026-04-30T09:54:03","modified_gmt":"2026-04-30T15:54:03","slug":"sheinbaum-califica-acusacion-vs-rocha-como-tema-politico","status":"publish","type":"post","link":"https:\/\/elconspirador.com.mx\/?p=77721","title":{"rendered":"SHEINBAUM CALIFICA ACUSACI\u00d3N VS ROCHA COMO TEMA POL\u00cdTICO"},"content":{"rendered":"<p>La presidenta Claudia Sheinbaum Pardo fij\u00f3 su postura respecto a la acusaci\u00f3n del Departamento de Justicia de Estados Unidos contra el gobernador de Sinaloa, Rub\u00e9n Rocha Moya, a quien se\u00f1ala de tener nexos con Los Chapitos y de protegerlos.<\/p>\n<p>\u201csi no existen pruebas claras, es evidente que el objetivo de estas imputaciones es pol\u00edtico\u201d.<\/p>\n<p>En este contexto, la mandataria afirm\u00f3 que si no existen pruebas claras, las imputaciones por parte de Estados Unidos se trata de un tema meramente pol\u00edtico, por lo que advirti\u00f3 que no permitir\u00e1 intromisiones o injerencia de un gobierno extranjero.<\/p>\n<p>Por otro lado, se\u00f1al\u00f3 que en caso de que la Fiscal\u00eda General de la Rep\u00fablica (FGR) en su investigaci\u00f3n encuentre indicios y confirme responsabilidades penales en contra del gobernador de Sinaloa, Rub\u00e9n Rocha Moya, se deber\u00e1 proceder conforme a la ley mexicana.<\/p>\n<p>\u201cNosotros no vamos a cubrir a nadie que haya cometido un delito\u201d, enfatiz\u00f3 la presidenta al dar lectura a un comunicado oficial sobre el caso.<\/p>\n<p>Ahora bien, la jefa de Estado tambi\u00e9n dej\u00f3 claro que si las indagatorias no arrojan pruebas claras en contra del gobernador sinaloense, se podr\u00eda interpretar que las acusaciones tienen un trasfondo pol\u00edtico por parte del Departamento de Justicia de Estados Unidos.<\/p>\n<p>Derivado de lo anterior, la primera presidenta del pa\u00eds reiter\u00f3 que M\u00e9xico no permitir\u00e1 ning\u00fan tipo de injerencia extranjera en asuntos internos, por lo que, reiter\u00f3, ser\u00e1 la FGR la \u00fanica instancia competente para investigar y, en su caso, proceder legalmente.<\/p>\n<p>Bajo ning\u00fan motivo vamos a permitir la intromisi\u00f3n de un gobierno extranjero en decisiones que competen exclusivamente al pueblo de M\u00e9xico\u201d.<\/p>\n","protected":false},"excerpt":{"rendered":"<p>La presidenta Claudia Sheinbaum Pardo fij\u00f3 su postura respecto a la acusaci\u00f3n del Departamento de Justicia de Estados Unidos contra el gobernador de Sinaloa, Rub\u00e9n Rocha Moya, a quien se\u00f1ala de tener nexos con Los Chapitos y de protegerlos. \u201csi no existen pruebas claras, es evidente que el objetivo de estas imputaciones es pol\u00edtico\u201d. En este contexto, la mandataria afirm\u00f3<\/p>\n<div class=\"h10\"><\/div>\n<p><a class=\"more-link2 flat\" href=\"https:\/\/elconspirador.com.mx\/?p=77721\">Leer m\u00e1s<\/a><\/p>\n","protected":false},"author":1,"featured_media":77722,"comment_status":"open","ping_status":"open","sticky":false,"template":"","format":"standard","meta":{"om_disable_all_campaigns":false,"_uf_show_specific_survey":0,"_uf_disable_surveys":false},"categories":[68],"tags":[],"aioseo_notices":[],"_links":{"self":[{"href":"https:\/\/elconspirador.com.mx\/index.php?rest_route=\/wp\/v2\/posts\/77721"}],"collection":[{"href":"https:\/\/elconspirador.com.mx\/index.php?rest_route=\/wp\/v2\/posts"}],"about":[{"href":"https:\/\/elconspirador.com.mx\/index.php?rest_route=\/wp\/v2\/types\/post"}],"author":[{"embeddable":true,"href":"https:\/\/elconspirador.com.mx\/index.php?rest_route=\/wp\/v2\/users\/1"}],"replies":[{"embeddable":true,"href":"https:\/\/elconspirador.com.mx\/index.php?rest_route=%2Fwp%2Fv2%2Fcomments&post=77721"}],"version-history":[{"count":1,"href":"https:\/\/elconspirador.com.mx\/index.php?rest_route=\/wp\/v2\/posts\/77721\/revisions"}],"predecessor-version":[{"id":77723,"href":"https:\/\/elconspirador.com.mx\/index.php?rest_route=\/wp\/v2\/posts\/77721\/revisions\/77723"}],"wp:featuredmedia":[{"embeddable":true,"href":"https:\/\/elconspirador.com.mx\/index.php?rest_route=\/wp\/v2\/media\/77722"}],"wp:attachment":[{"href":"https:\/\/elconspirador.com.mx\/index.php?rest_route=%2Fwp%2Fv2%2Fmedia&parent=77721"}],"wp:term":[{"taxonomy":"category","embeddable":true,"href":"https:\/\/elconspirador.com.mx\/index.php?rest_route=%2Fwp%2Fv2%2Fcategories&post=77721"},{"taxonomy":"post_tag","embeddable":true,"href":"https:\/\/elconspirador.com.mx\/index.php?rest_route=%2Fwp%2Fv2%2Ftags&post=77721"}],"curies":[{"name":"wp","href":"https:\/\/api.w.org\/{rel}","templated":true}]}}