{"id":77746,"date":"2026-04-30T16:39:01","date_gmt":"2026-04-30T22:39:01","guid":{"rendered":"https:\/\/elconspirador.com.mx\/?p=77746"},"modified":"2026-04-30T16:39:01","modified_gmt":"2026-04-30T22:39:01","slug":"corregidora-celebra-dia-internacional-de-la-danza","status":"publish","type":"post","link":"https:\/\/elconspirador.com.mx\/?p=77746","title":{"rendered":"CORREGIDORA CELEBRA D\u00cdA INTERNACIONAL DE LA DANZA"},"content":{"rendered":"<p class=\"s5\"><span class=\"s4\"><span class=\"bumpedFont15\">El Municipio de Corregidora, a trav\u00e9s de la Secretar\u00eda de Cultura y Tradiciones, llev\u00f3 a cabo una gran celebraci\u00f3n con motivo del D\u00eda Internacional de la Danza, transformando el Jard\u00edn Principal de El Pueblito en un escenario de expresi\u00f3n art\u00edstica y convivencia familiar. <\/span><\/span><\/p>\n<p class=\"s5\"><span class=\"s4\">\u00a0<\/span><\/p>\n<p class=\"s5\"><span class=\"s4\"><span class=\"bumpedFont15\">En el evento se presentaron diversos estilos coreogr\u00e1ficos, desde la elegancia del ballet cl\u00e1sico y la energ\u00eda del hip hop, hasta la riqueza hist\u00f3rica de la danza folcl\u00f3rica. <\/span><\/span><\/p>\n<p class=\"s5\"><span class=\"s4\">\u00a0<\/span><\/p>\n<p class=\"s5\"><span class=\"s4\"><span class=\"bumpedFont15\">Durante el acto protocolario, la titular de la Secretar\u00eda de Cultura y Tradiciones, Schoenstatt Cabrera Ram\u00edrez, acompa\u00f1ada por el secretario de Gobierno del Estado, Eric Gudi\u00f1o Torres, enfatiz\u00f3 la importancia de fomentar estos espacios para el fortalecimiento del tejido social. <\/span><\/span><\/p>\n<p class=\"s5\"><span class=\"s4\">\u00a0<\/span><\/p>\n<p class=\"s5\"><span class=\"s4\"><span class=\"bumpedFont15\">&#8220;Hoy celebramos el arte del movimiento como una forma de expresi\u00f3n universal que une culturas, emociones y generaciones. La danza no solo es arte, es identidad, disciplina y pasi\u00f3n&#8221;.<\/span><\/span><\/p>\n<p class=\"s5\"><span class=\"s4\">\u00a0<\/span><\/p>\n<p class=\"s5\"><span class=\"s4\"><span class=\"bumpedFont15\">La programaci\u00f3n art\u00edstica cont\u00f3 con la participaci\u00f3n de grupos representativos de los Centros de Desarrollo Cultural (CDC) de comunidades como El Pueblito, Tejeda, Santa B\u00e1rbara, Candiles, Los Olvera y Pir\u00e1mides, as\u00ed como de academias invitadas y la Preparatoria Carl Rogers. <\/span><\/span><\/p>\n<p class=\"s5\"><span class=\"s4\">\u00a0<\/span><\/p>\n<p class=\"s5\"><span class=\"s4\"><span class=\"bumpedFont15\">Entre las presentaciones destacaron el Ballet Folcl\u00f3rico M\u00e9xico Eterno, grupos de K-Pop, <\/span><\/span><span class=\"s4\"><span class=\"bumpedFont15\">Belly<\/span><\/span><span class=\"s4\"><span class=\"bumpedFont15\"> Dance y el ensamble de Danza Folcl\u00f3rica de la 3ra Edad, demostrando que el talento y la cultura en Corregidora no tienen l\u00edmites de edad ni de g\u00e9nero. <\/span><\/span><\/p>\n<p class=\"s5\"><span class=\"s4\">\u00a0<\/span><\/p>\n<p class=\"s5\"><span class=\"s4\"><span class=\"bumpedFont15\">El F<\/span><\/span><span class=\"s4\"><span class=\"bumpedFont15\">estival cumpli\u00f3 con el objetivo de conmemorar esta fecha establecida cada 29 de abril, compartiendo con la ciudadan\u00eda relatos de historias a trav\u00e9s del movimiento y reconociendo a quienes dedican su vida a mantener vivas las tradiciones del municipio. <\/span><\/span><\/p>\n<p class=\"s5\"><span class=\"s4\">\u00a0<\/span><\/p>\n<p class=\"s5\"><span class=\"s4\"><span class=\"bumpedFont15\">Finalmente, la Secretar\u00eda de Cultura y Tradiciones agradeci\u00f3 a los maestros, alumnos y familias que hicieron posible este encuentro, reafirmando el compromiso del gobierno municipal con la promoci\u00f3n de la expresi\u00f3n art\u00edstica en todas sus formas.<\/span><\/span><\/p>\n","protected":false},"excerpt":{"rendered":"<p>El Municipio de Corregidora, a trav\u00e9s de la Secretar\u00eda de Cultura y Tradiciones, llev\u00f3 a cabo una gran celebraci\u00f3n con motivo del D\u00eda Internacional de la Danza, transformando el Jard\u00edn Principal de El Pueblito en un escenario de expresi\u00f3n art\u00edstica y convivencia familiar. \u00a0 En el evento se presentaron diversos estilos coreogr\u00e1ficos, desde la elegancia del ballet cl\u00e1sico y la<\/p>\n<div class=\"h10\"><\/div>\n<p><a class=\"more-link2 flat\" href=\"https:\/\/elconspirador.com.mx\/?p=77746\">Leer m\u00e1s<\/a><\/p>\n","protected":false},"author":1,"featured_media":77747,"comment_status":"open","ping_status":"open","sticky":false,"template":"","format":"standard","meta":{"om_disable_all_campaigns":false,"_uf_show_specific_survey":0,"_uf_disable_surveys":false},"categories":[1],"tags":[],"aioseo_notices":[],"_links":{"self":[{"href":"https:\/\/elconspirador.com.mx\/index.php?rest_route=\/wp\/v2\/posts\/77746"}],"collection":[{"href":"https:\/\/elconspirador.com.mx\/index.php?rest_route=\/wp\/v2\/posts"}],"about":[{"href":"https:\/\/elconspirador.com.mx\/index.php?rest_route=\/wp\/v2\/types\/post"}],"author":[{"embeddable":true,"href":"https:\/\/elconspirador.com.mx\/index.php?rest_route=\/wp\/v2\/users\/1"}],"replies":[{"embeddable":true,"href":"https:\/\/elconspirador.com.mx\/index.php?rest_route=%2Fwp%2Fv2%2Fcomments&post=77746"}],"version-history":[{"count":1,"href":"https:\/\/elconspirador.com.mx\/index.php?rest_route=\/wp\/v2\/posts\/77746\/revisions"}],"predecessor-version":[{"id":77748,"href":"https:\/\/elconspirador.com.mx\/index.php?rest_route=\/wp\/v2\/posts\/77746\/revisions\/77748"}],"wp:featuredmedia":[{"embeddable":true,"href":"https:\/\/elconspirador.com.mx\/index.php?rest_route=\/wp\/v2\/media\/77747"}],"wp:attachment":[{"href":"https:\/\/elconspirador.com.mx\/index.php?rest_route=%2Fwp%2Fv2%2Fmedia&parent=77746"}],"wp:term":[{"taxonomy":"category","embeddable":true,"href":"https:\/\/elconspirador.com.mx\/index.php?rest_route=%2Fwp%2Fv2%2Fcategories&post=77746"},{"taxonomy":"post_tag","embeddable":true,"href":"https:\/\/elconspirador.com.mx\/index.php?rest_route=%2Fwp%2Fv2%2Ftags&post=77746"}],"curies":[{"name":"wp","href":"https:\/\/api.w.org\/{rel}","templated":true}]}}