{"id":77749,"date":"2026-04-30T14:43:16","date_gmt":"2026-04-30T20:43:16","guid":{"rendered":"https:\/\/elconspirador.com.mx\/?p=77749"},"modified":"2026-04-30T14:43:16","modified_gmt":"2026-04-30T20:43:16","slug":"detenido-por-violencia-familiar-7","status":"publish","type":"post","link":"https:\/\/elconspirador.com.mx\/?p=77749","title":{"rendered":"DETENIDO POR VIOLENCIA FAMILIAR"},"content":{"rendered":"<p>Polic\u00edas Estatales realizaban recorridos de seguridad sobre Paseo 5 de Febrero cuando, a la altura de San Antonio de la Punta, una mujer a bordo de un veh\u00edculo realiz\u00f3 se\u00f1as de auxilio, por lo que se aproximaron.<\/p>\n<p>Al interior observaron a dos personas forcejeando, por lo que se intervino de inmediato. La mujer refiri\u00f3 que su pareja sentimental la agred\u00eda verbal y f\u00edsicamente, adem\u00e1s de manifestar su deseo de proceder con la denuncia correspondiente.<\/p>\n<p>El presunto responsable fue informado de sus derechos como detenido y puesto a disposici\u00f3n de la Fiscal\u00eda para definir su situaci\u00f3n jur\u00eddica y dar seguimiento a la carpeta de investigaci\u00f3n por violencia familiar.<\/p>\n","protected":false},"excerpt":{"rendered":"<p>Polic\u00edas Estatales realizaban recorridos de seguridad sobre Paseo 5 de Febrero cuando, a la altura de San Antonio de la Punta, una mujer a bordo de un veh\u00edculo realiz\u00f3 se\u00f1as de auxilio, por lo que se aproximaron. Al interior observaron a dos personas forcejeando, por lo que se intervino de inmediato. La mujer refiri\u00f3 que su pareja sentimental la agred\u00eda<\/p>\n<div class=\"h10\"><\/div>\n<p><a class=\"more-link2 flat\" href=\"https:\/\/elconspirador.com.mx\/?p=77749\">Leer m\u00e1s<\/a><\/p>\n","protected":false},"author":1,"featured_media":77750,"comment_status":"open","ping_status":"open","sticky":false,"template":"","format":"standard","meta":{"om_disable_all_campaigns":false,"_uf_show_specific_survey":0,"_uf_disable_surveys":false},"categories":[1],"tags":[],"aioseo_notices":[],"_links":{"self":[{"href":"https:\/\/elconspirador.com.mx\/index.php?rest_route=\/wp\/v2\/posts\/77749"}],"collection":[{"href":"https:\/\/elconspirador.com.mx\/index.php?rest_route=\/wp\/v2\/posts"}],"about":[{"href":"https:\/\/elconspirador.com.mx\/index.php?rest_route=\/wp\/v2\/types\/post"}],"author":[{"embeddable":true,"href":"https:\/\/elconspirador.com.mx\/index.php?rest_route=\/wp\/v2\/users\/1"}],"replies":[{"embeddable":true,"href":"https:\/\/elconspirador.com.mx\/index.php?rest_route=%2Fwp%2Fv2%2Fcomments&post=77749"}],"version-history":[{"count":1,"href":"https:\/\/elconspirador.com.mx\/index.php?rest_route=\/wp\/v2\/posts\/77749\/revisions"}],"predecessor-version":[{"id":77751,"href":"https:\/\/elconspirador.com.mx\/index.php?rest_route=\/wp\/v2\/posts\/77749\/revisions\/77751"}],"wp:featuredmedia":[{"embeddable":true,"href":"https:\/\/elconspirador.com.mx\/index.php?rest_route=\/wp\/v2\/media\/77750"}],"wp:attachment":[{"href":"https:\/\/elconspirador.com.mx\/index.php?rest_route=%2Fwp%2Fv2%2Fmedia&parent=77749"}],"wp:term":[{"taxonomy":"category","embeddable":true,"href":"https:\/\/elconspirador.com.mx\/index.php?rest_route=%2Fwp%2Fv2%2Fcategories&post=77749"},{"taxonomy":"post_tag","embeddable":true,"href":"https:\/\/elconspirador.com.mx\/index.php?rest_route=%2Fwp%2Fv2%2Ftags&post=77749"}],"curies":[{"name":"wp","href":"https:\/\/api.w.org\/{rel}","templated":true}]}}