{"id":77755,"date":"2026-04-30T21:02:40","date_gmt":"2026-05-01T03:02:40","guid":{"rendered":"https:\/\/elconspirador.com.mx\/?p=77755"},"modified":"2026-04-30T21:02:40","modified_gmt":"2026-05-01T03:02:40","slug":"ya-esta-en-prision-el-operador-del-accidente-de-la-muralla","status":"publish","type":"post","link":"https:\/\/elconspirador.com.mx\/?p=77755","title":{"rendered":"YA EST\u00c1 EN PRISI\u00d3N EL OPERADOR DEL ACCIDENTE DE \u201cLA MURALLA\u201d"},"content":{"rendered":"<p>La Fiscal\u00eda General del Estado de Quer\u00e9taro obtuvo en audiencia la modificaci\u00f3n de medidas cautelares en contra de Pl\u00e1cido \u201cN\u201d, imputado por los delitos de homicidio culposo calificado agravado y lesiones culposas, derivado de hechos ocurridos en la Carretera Estatal 310, a la altura del hotel la Muralla, donde diez personas perdieron la vida y varias m\u00e1s resultaron lesionadas.<\/p>\n<p>Durante la continuaci\u00f3n del proceso penal, esta Fiscal\u00eda reiter\u00f3 ante la autoridad judicial elementos jur\u00eddicos y de riesgo procesal que justificaban una medida cautelar m\u00e1s restrictiva, por lo que el juzgador resolvi\u00f3 revocar las medidas previamente impuestas y decretar la prisi\u00f3n preventiva justificada para el imputado.<\/p>\n<p>Cabe recordar que el imputado fue vinculado a proceso por su probable intervenci\u00f3n en hecho de tr\u00e1nsito que ocasion\u00f3 la muerte de diez personas, as\u00ed como lesiones a diversas v\u00edctimas, estableci\u00e9ndose adem\u00e1s un plazo de investigaci\u00f3n complementaria para el fortalecimiento de la indagatoria correspondiente.<\/p>\n<p>Con esta determinaci\u00f3n judicial, el imputado enfrentar\u00e1 el proceso privado de la libertad, garantizando la comparecencia ante la autoridad y la protecci\u00f3n de las v\u00edctimas.<\/p>\n<p>La Fiscal\u00eda General del Estado reitera su compromiso de investigar y perseguir los hechos que atenten contra la vida e integridad de las personas, garantizando justicia para las v\u00edctimas y sus familias.<\/p>\n","protected":false},"excerpt":{"rendered":"<p>La Fiscal\u00eda General del Estado de Quer\u00e9taro obtuvo en audiencia la modificaci\u00f3n de medidas cautelares en contra de Pl\u00e1cido \u201cN\u201d, imputado por los delitos de homicidio culposo calificado agravado y lesiones culposas, derivado de hechos ocurridos en la Carretera Estatal 310, a la altura del hotel la Muralla, donde diez personas perdieron la vida y varias m\u00e1s resultaron lesionadas. Durante<\/p>\n<div class=\"h10\"><\/div>\n<p><a class=\"more-link2 flat\" href=\"https:\/\/elconspirador.com.mx\/?p=77755\">Leer m\u00e1s<\/a><\/p>\n","protected":false},"author":1,"featured_media":77756,"comment_status":"open","ping_status":"open","sticky":false,"template":"","format":"standard","meta":{"om_disable_all_campaigns":false,"_uf_show_specific_survey":0,"_uf_disable_surveys":false},"categories":[1],"tags":[],"aioseo_notices":[],"_links":{"self":[{"href":"https:\/\/elconspirador.com.mx\/index.php?rest_route=\/wp\/v2\/posts\/77755"}],"collection":[{"href":"https:\/\/elconspirador.com.mx\/index.php?rest_route=\/wp\/v2\/posts"}],"about":[{"href":"https:\/\/elconspirador.com.mx\/index.php?rest_route=\/wp\/v2\/types\/post"}],"author":[{"embeddable":true,"href":"https:\/\/elconspirador.com.mx\/index.php?rest_route=\/wp\/v2\/users\/1"}],"replies":[{"embeddable":true,"href":"https:\/\/elconspirador.com.mx\/index.php?rest_route=%2Fwp%2Fv2%2Fcomments&post=77755"}],"version-history":[{"count":1,"href":"https:\/\/elconspirador.com.mx\/index.php?rest_route=\/wp\/v2\/posts\/77755\/revisions"}],"predecessor-version":[{"id":77757,"href":"https:\/\/elconspirador.com.mx\/index.php?rest_route=\/wp\/v2\/posts\/77755\/revisions\/77757"}],"wp:featuredmedia":[{"embeddable":true,"href":"https:\/\/elconspirador.com.mx\/index.php?rest_route=\/wp\/v2\/media\/77756"}],"wp:attachment":[{"href":"https:\/\/elconspirador.com.mx\/index.php?rest_route=%2Fwp%2Fv2%2Fmedia&parent=77755"}],"wp:term":[{"taxonomy":"category","embeddable":true,"href":"https:\/\/elconspirador.com.mx\/index.php?rest_route=%2Fwp%2Fv2%2Fcategories&post=77755"},{"taxonomy":"post_tag","embeddable":true,"href":"https:\/\/elconspirador.com.mx\/index.php?rest_route=%2Fwp%2Fv2%2Ftags&post=77755"}],"curies":[{"name":"wp","href":"https:\/\/api.w.org\/{rel}","templated":true}]}}