{"id":77758,"date":"2026-04-30T20:18:16","date_gmt":"2026-05-01T02:18:16","guid":{"rendered":"https:\/\/elconspirador.com.mx\/?p=77758"},"modified":"2026-04-30T20:18:16","modified_gmt":"2026-05-01T02:18:16","slug":"felifer-confirma-fan-fest-mundialista-en-el-corregidora","status":"publish","type":"post","link":"https:\/\/elconspirador.com.mx\/?p=77758","title":{"rendered":"FELIFER CONFIRMA FAN FEST MUNDIALISTA EN EL CORREGIDORA"},"content":{"rendered":"<p>El Alcalde capitalino Felifer Mac\u00edas, confirm\u00f3 que Quer\u00e9taro tendr\u00e1 Fan Fest mundialista en el Estadio Corregidora a partir del pr\u00f3ximo 11 de Junio, cuando de arranque el juego inaugural del mundial de f\u00fatbol en M\u00e9xico, que jugar\u00e1 la Selecci\u00f3n Mexicana vs Sud\u00e1frica.<\/p>\n<p>Afirm\u00f3 que preparar\u00e1n un espacio muy bonito en conjunto estado, municipio y la FIFA, para dar un espect\u00e1culo para que las familias queretanas puedan disfrutar de los juegos mundialistas congregadas en el Estadio Corregidora.<\/p>\n<p>A\u00fan que se\u00f1al\u00f3 que m\u00e1s adelante se dar\u00e1n los detalles del espect\u00e1culo del Fans Fest en el estado, estos podr\u00edan contar con juegos y actividades mundialistas, pantallas gigantes y espect\u00e1culos musicales y se espera que sean completamente gratuitos en las sedes mundialistas y Quer\u00e9taro.<\/p>\n<p>En cuanto al tema de que al estado llegara alguna selecci\u00f3n mundialista, indic\u00f3 que a pesar de que dieron seguimiento a las gestiones para albergar a alguna selecci\u00f3n en Quer\u00e9taro, no se recibi\u00f3 ninguna notificaci\u00f3n de confirmaci\u00f3n y dijo que es un tema que compete a la FIFA y al gobierno federal.<\/p>\n","protected":false},"excerpt":{"rendered":"<p>El Alcalde capitalino Felifer Mac\u00edas, confirm\u00f3 que Quer\u00e9taro tendr\u00e1 Fan Fest mundialista en el Estadio Corregidora a partir del pr\u00f3ximo 11 de Junio, cuando de arranque el juego inaugural del mundial de f\u00fatbol en M\u00e9xico, que jugar\u00e1 la Selecci\u00f3n Mexicana vs Sud\u00e1frica. Afirm\u00f3 que preparar\u00e1n un espacio muy bonito en conjunto estado, municipio y la FIFA, para dar un espect\u00e1culo<\/p>\n<div class=\"h10\"><\/div>\n<p><a class=\"more-link2 flat\" href=\"https:\/\/elconspirador.com.mx\/?p=77758\">Leer m\u00e1s<\/a><\/p>\n","protected":false},"author":1,"featured_media":77759,"comment_status":"open","ping_status":"open","sticky":false,"template":"","format":"standard","meta":{"om_disable_all_campaigns":false,"_uf_show_specific_survey":0,"_uf_disable_surveys":false},"categories":[1],"tags":[],"aioseo_notices":[],"_links":{"self":[{"href":"https:\/\/elconspirador.com.mx\/index.php?rest_route=\/wp\/v2\/posts\/77758"}],"collection":[{"href":"https:\/\/elconspirador.com.mx\/index.php?rest_route=\/wp\/v2\/posts"}],"about":[{"href":"https:\/\/elconspirador.com.mx\/index.php?rest_route=\/wp\/v2\/types\/post"}],"author":[{"embeddable":true,"href":"https:\/\/elconspirador.com.mx\/index.php?rest_route=\/wp\/v2\/users\/1"}],"replies":[{"embeddable":true,"href":"https:\/\/elconspirador.com.mx\/index.php?rest_route=%2Fwp%2Fv2%2Fcomments&post=77758"}],"version-history":[{"count":1,"href":"https:\/\/elconspirador.com.mx\/index.php?rest_route=\/wp\/v2\/posts\/77758\/revisions"}],"predecessor-version":[{"id":77760,"href":"https:\/\/elconspirador.com.mx\/index.php?rest_route=\/wp\/v2\/posts\/77758\/revisions\/77760"}],"wp:featuredmedia":[{"embeddable":true,"href":"https:\/\/elconspirador.com.mx\/index.php?rest_route=\/wp\/v2\/media\/77759"}],"wp:attachment":[{"href":"https:\/\/elconspirador.com.mx\/index.php?rest_route=%2Fwp%2Fv2%2Fmedia&parent=77758"}],"wp:term":[{"taxonomy":"category","embeddable":true,"href":"https:\/\/elconspirador.com.mx\/index.php?rest_route=%2Fwp%2Fv2%2Fcategories&post=77758"},{"taxonomy":"post_tag","embeddable":true,"href":"https:\/\/elconspirador.com.mx\/index.php?rest_route=%2Fwp%2Fv2%2Ftags&post=77758"}],"curies":[{"name":"wp","href":"https:\/\/api.w.org\/{rel}","templated":true}]}}