{"id":77767,"date":"2026-05-01T14:29:13","date_gmt":"2026-05-01T20:29:13","guid":{"rendered":"https:\/\/elconspirador.com.mx\/?p=77767"},"modified":"2026-05-01T14:29:13","modified_gmt":"2026-05-01T20:29:13","slug":"kuri-revisara-la-nueva-ley-de-identidad-de-genero","status":"publish","type":"post","link":"https:\/\/elconspirador.com.mx\/?p=77767","title":{"rendered":"KURI REVISAR\u00c1 LA NUEVA LEY DE IDENTIDAD DE G\u00c9NERO"},"content":{"rendered":"<p>El gobernador del estado, Mauricio Kuri Gonz\u00e1lez, inform\u00f3 que analizar\u00e1 la nueva ley de identidad de g\u00e9nero aprobada por el Congreso local para revisar sus implicaciones, especialmente en lo relacionado con menores de edad.<\/p>\n<p>El mandatario estatal se\u00f1al\u00f3 que su postura ha sido siempre en favor de la protecci\u00f3n de ni\u00f1as, ni\u00f1os y adolescentes, por lo que revisar\u00e1 a detalle el contenido de la legislaci\u00f3n antes de tomar una decisi\u00f3n.<\/p>\n<p>\u201cUn servidor siempre se ha manifestado a favor de los ni\u00f1os y de los j\u00f3venes, tanto ni\u00f1os como adolescentes, y por supuesto que voy a cuidarlos y no ponerles leyes que les permitan tomar decisiones que pueden lastimar muchas partes de su salud mental\u201d.<\/p>\n<p>La iniciativa aprobada el pasado jueves en el Congreso local, seg\u00fan explicaron los legisladores, \u00fanicamente aplicar\u00eda para personas mayores de 18 a\u00f1os; sin embargo, Kuri Gonz\u00e1lez afirm\u00f3 que revisar\u00e1 personalmente el documento para confirmar sus alcances.<\/p>\n<p>Asimismo, indic\u00f3 que el equipo jur\u00eddico del gobierno estatal evaluar\u00e1 la posibilidad de vetar la ley en caso de detectar elementos que involucren a menores de edad.<\/p>\n<p>\u201cVienen muchas partes tambi\u00e9n para ni\u00f1os y es lo que estamos revisando. Voy a revisar bien la ley; el dato que yo ten\u00eda ayer era que ven\u00eda tambi\u00e9n para ni\u00f1os\u201d.<\/p>\n","protected":false},"excerpt":{"rendered":"<p>El gobernador del estado, Mauricio Kuri Gonz\u00e1lez, inform\u00f3 que analizar\u00e1 la nueva ley de identidad de g\u00e9nero aprobada por el Congreso local para revisar sus implicaciones, especialmente en lo relacionado con menores de edad. El mandatario estatal se\u00f1al\u00f3 que su postura ha sido siempre en favor de la protecci\u00f3n de ni\u00f1as, ni\u00f1os y adolescentes, por lo que revisar\u00e1 a detalle<\/p>\n<div class=\"h10\"><\/div>\n<p><a class=\"more-link2 flat\" href=\"https:\/\/elconspirador.com.mx\/?p=77767\">Leer m\u00e1s<\/a><\/p>\n","protected":false},"author":1,"featured_media":77768,"comment_status":"open","ping_status":"open","sticky":false,"template":"","format":"standard","meta":{"om_disable_all_campaigns":false,"_uf_show_specific_survey":0,"_uf_disable_surveys":false},"categories":[1],"tags":[],"aioseo_notices":[],"_links":{"self":[{"href":"https:\/\/elconspirador.com.mx\/index.php?rest_route=\/wp\/v2\/posts\/77767"}],"collection":[{"href":"https:\/\/elconspirador.com.mx\/index.php?rest_route=\/wp\/v2\/posts"}],"about":[{"href":"https:\/\/elconspirador.com.mx\/index.php?rest_route=\/wp\/v2\/types\/post"}],"author":[{"embeddable":true,"href":"https:\/\/elconspirador.com.mx\/index.php?rest_route=\/wp\/v2\/users\/1"}],"replies":[{"embeddable":true,"href":"https:\/\/elconspirador.com.mx\/index.php?rest_route=%2Fwp%2Fv2%2Fcomments&post=77767"}],"version-history":[{"count":1,"href":"https:\/\/elconspirador.com.mx\/index.php?rest_route=\/wp\/v2\/posts\/77767\/revisions"}],"predecessor-version":[{"id":77769,"href":"https:\/\/elconspirador.com.mx\/index.php?rest_route=\/wp\/v2\/posts\/77767\/revisions\/77769"}],"wp:featuredmedia":[{"embeddable":true,"href":"https:\/\/elconspirador.com.mx\/index.php?rest_route=\/wp\/v2\/media\/77768"}],"wp:attachment":[{"href":"https:\/\/elconspirador.com.mx\/index.php?rest_route=%2Fwp%2Fv2%2Fmedia&parent=77767"}],"wp:term":[{"taxonomy":"category","embeddable":true,"href":"https:\/\/elconspirador.com.mx\/index.php?rest_route=%2Fwp%2Fv2%2Fcategories&post=77767"},{"taxonomy":"post_tag","embeddable":true,"href":"https:\/\/elconspirador.com.mx\/index.php?rest_route=%2Fwp%2Fv2%2Ftags&post=77767"}],"curies":[{"name":"wp","href":"https:\/\/api.w.org\/{rel}","templated":true}]}}