{"id":77777,"date":"2026-05-01T13:25:36","date_gmt":"2026-05-01T19:25:36","guid":{"rendered":"https:\/\/elconspirador.com.mx\/?p=77777"},"modified":"2026-05-01T13:25:37","modified_gmt":"2026-05-01T19:25:37","slug":"telefonistas-marchan-en-queretaro","status":"publish","type":"post","link":"https:\/\/elconspirador.com.mx\/?p=77777","title":{"rendered":"TELEFONISTAS MARCHAN EN QUER\u00c9TARO"},"content":{"rendered":"<p>Integrantes del Sindicato de Telefonistas de la Rep\u00fablica Mexicana (STRM) se movilizaron la ma\u00f1ana de este 1 de mayo en la capital queretana, en el marco de la conmemoraci\u00f3n del D\u00eda del Trabajo, para exigir mejoras en sus condiciones laborales y la defensa de sus derechos.<\/p>\n<p>Desde temprana hora, los trabajadores se concentraron en la Alameda Hidalgo, punto desde el cual parti\u00f3 el contingente que avanz\u00f3 por la Avenida Corregidora, una de las principales vialidades del centro hist\u00f3rico, hasta llegar a la Plaza de Armas, donde realizaron un mitin.<\/p>\n<p>Durante la movilizaci\u00f3n, los telefonistas, vestidos en su mayor\u00eda con prendas de color verde, portaron pancartas y consignas en demanda de incremento salarial, respeto a su contrato colectivo de trabajo y mejores condiciones laborales. Entre sus principales exigencias destacaron la implementaci\u00f3n de una jornada laboral de 40 horas semanales, la erradicaci\u00f3n del outsourcing, as\u00ed como la eliminaci\u00f3n del sistema de Afores.<\/p>\n<p>Al contingente del STRM se sum\u00f3 un grupo de la Alianza Sindical de Trabajadores del Estado de Quer\u00e9taro (ASTEQ), quienes respaldaron las demandas y participaron en el mitin realizado en el primer cuadro de la ciudad.<\/p>\n<p>Estas movilizaciones se replicaron en otras entidades del pa\u00eds como la Ciudad de M\u00e9xico y Chilpancingo, donde los trabajadores tambi\u00e9n salieron a las calles para conmemorar el D\u00eda del Trabajo y exigir el respeto a sus derechos laborales, en una jornada que reuni\u00f3 a diversos sindicatos a nivel nacional.<\/p>\n","protected":false},"excerpt":{"rendered":"<p>Integrantes del Sindicato de Telefonistas de la Rep\u00fablica Mexicana (STRM) se movilizaron la ma\u00f1ana de este 1 de mayo en la capital queretana, en el marco de la conmemoraci\u00f3n del D\u00eda del Trabajo, para exigir mejoras en sus condiciones laborales y la defensa de sus derechos. Desde temprana hora, los trabajadores se concentraron en la Alameda Hidalgo, punto desde el<\/p>\n<div class=\"h10\"><\/div>\n<p><a class=\"more-link2 flat\" href=\"https:\/\/elconspirador.com.mx\/?p=77777\">Leer m\u00e1s<\/a><\/p>\n","protected":false},"author":1,"featured_media":77778,"comment_status":"open","ping_status":"open","sticky":false,"template":"","format":"standard","meta":{"om_disable_all_campaigns":false,"_uf_show_specific_survey":0,"_uf_disable_surveys":false},"categories":[1],"tags":[],"aioseo_notices":[],"_links":{"self":[{"href":"https:\/\/elconspirador.com.mx\/index.php?rest_route=\/wp\/v2\/posts\/77777"}],"collection":[{"href":"https:\/\/elconspirador.com.mx\/index.php?rest_route=\/wp\/v2\/posts"}],"about":[{"href":"https:\/\/elconspirador.com.mx\/index.php?rest_route=\/wp\/v2\/types\/post"}],"author":[{"embeddable":true,"href":"https:\/\/elconspirador.com.mx\/index.php?rest_route=\/wp\/v2\/users\/1"}],"replies":[{"embeddable":true,"href":"https:\/\/elconspirador.com.mx\/index.php?rest_route=%2Fwp%2Fv2%2Fcomments&post=77777"}],"version-history":[{"count":1,"href":"https:\/\/elconspirador.com.mx\/index.php?rest_route=\/wp\/v2\/posts\/77777\/revisions"}],"predecessor-version":[{"id":77779,"href":"https:\/\/elconspirador.com.mx\/index.php?rest_route=\/wp\/v2\/posts\/77777\/revisions\/77779"}],"wp:featuredmedia":[{"embeddable":true,"href":"https:\/\/elconspirador.com.mx\/index.php?rest_route=\/wp\/v2\/media\/77778"}],"wp:attachment":[{"href":"https:\/\/elconspirador.com.mx\/index.php?rest_route=%2Fwp%2Fv2%2Fmedia&parent=77777"}],"wp:term":[{"taxonomy":"category","embeddable":true,"href":"https:\/\/elconspirador.com.mx\/index.php?rest_route=%2Fwp%2Fv2%2Fcategories&post=77777"},{"taxonomy":"post_tag","embeddable":true,"href":"https:\/\/elconspirador.com.mx\/index.php?rest_route=%2Fwp%2Fv2%2Ftags&post=77777"}],"curies":[{"name":"wp","href":"https:\/\/api.w.org\/{rel}","templated":true}]}}