{"id":77780,"date":"2026-05-01T13:50:59","date_gmt":"2026-05-01T19:50:59","guid":{"rendered":"https:\/\/elconspirador.com.mx\/?p=77780"},"modified":"2026-05-01T13:50:59","modified_gmt":"2026-05-01T19:50:59","slug":"felifer-asiste-a-conmemoracion-del-dia-del-trabajo","status":"publish","type":"post","link":"https:\/\/elconspirador.com.mx\/?p=77780","title":{"rendered":"FELIFER ASISTE A CONMEMORACI\u00d3N DEL D\u00cdA DEL TRABAJO"},"content":{"rendered":"<p>El presidente municipal de Quer\u00e9taro, Felifer Mac\u00edas, acompa\u00f1\u00f3 al gobernador del estado, Mauricio Kuri Gonz\u00e1lez, en el desayuno conmemorativo por el D\u00eda del Trabajo, donde se reuni\u00f3 con representantes de diversos sectores sindicales de la entidad, en un espacio de di\u00e1logo que destac\u00f3 la coordinaci\u00f3n y la paz laboral que distinguen a Quer\u00e9taro.<\/p>\n<p>Durante el encuentro, se entregaron reconocimientos a trabajadoras y trabajadores por su trayectoria, compromiso y desempe\u00f1o, en un acto que tambi\u00e9n puso en valor el papel del sector laboral como motor del desarrollo social y econ\u00f3mico del estado.<\/p>\n<p>En este marco, se resalt\u00f3 que Quer\u00e9taro registra actualmente m\u00e1s de 720 mil trabajadores afiliados al IMSS, adem\u00e1s de la generaci\u00f3n de 14 mil 650 nuevos empleos en el primer trimestre del a\u00f1o, con salarios superiores al promedio nacional y una de las mayores reducciones en pobreza laboral, resultados que reflejan condiciones de estabilidad y crecimiento para las familias.<\/p>\n<p>Posteriormente, el presidente municipal particip\u00f3 en el encuentro con integrantes del Sindicato Nacional de Trabajadores de la Educaci\u00f3n (SNTE), secci\u00f3n 24, donde se reconoci\u00f3 al magisterio queretano como pieza clave en el progreso de la entidad, por su labor en la formaci\u00f3n de nuevas generaciones y su contribuci\u00f3n a una educaci\u00f3n de calidad.<\/p>\n","protected":false},"excerpt":{"rendered":"<p>El presidente municipal de Quer\u00e9taro, Felifer Mac\u00edas, acompa\u00f1\u00f3 al gobernador del estado, Mauricio Kuri Gonz\u00e1lez, en el desayuno conmemorativo por el D\u00eda del Trabajo, donde se reuni\u00f3 con representantes de diversos sectores sindicales de la entidad, en un espacio de di\u00e1logo que destac\u00f3 la coordinaci\u00f3n y la paz laboral que distinguen a Quer\u00e9taro. Durante el encuentro, se entregaron reconocimientos a<\/p>\n<div class=\"h10\"><\/div>\n<p><a class=\"more-link2 flat\" href=\"https:\/\/elconspirador.com.mx\/?p=77780\">Leer m\u00e1s<\/a><\/p>\n","protected":false},"author":1,"featured_media":77781,"comment_status":"open","ping_status":"open","sticky":false,"template":"","format":"standard","meta":{"om_disable_all_campaigns":false,"_uf_show_specific_survey":0,"_uf_disable_surveys":false},"categories":[1],"tags":[],"aioseo_notices":[],"_links":{"self":[{"href":"https:\/\/elconspirador.com.mx\/index.php?rest_route=\/wp\/v2\/posts\/77780"}],"collection":[{"href":"https:\/\/elconspirador.com.mx\/index.php?rest_route=\/wp\/v2\/posts"}],"about":[{"href":"https:\/\/elconspirador.com.mx\/index.php?rest_route=\/wp\/v2\/types\/post"}],"author":[{"embeddable":true,"href":"https:\/\/elconspirador.com.mx\/index.php?rest_route=\/wp\/v2\/users\/1"}],"replies":[{"embeddable":true,"href":"https:\/\/elconspirador.com.mx\/index.php?rest_route=%2Fwp%2Fv2%2Fcomments&post=77780"}],"version-history":[{"count":1,"href":"https:\/\/elconspirador.com.mx\/index.php?rest_route=\/wp\/v2\/posts\/77780\/revisions"}],"predecessor-version":[{"id":77782,"href":"https:\/\/elconspirador.com.mx\/index.php?rest_route=\/wp\/v2\/posts\/77780\/revisions\/77782"}],"wp:featuredmedia":[{"embeddable":true,"href":"https:\/\/elconspirador.com.mx\/index.php?rest_route=\/wp\/v2\/media\/77781"}],"wp:attachment":[{"href":"https:\/\/elconspirador.com.mx\/index.php?rest_route=%2Fwp%2Fv2%2Fmedia&parent=77780"}],"wp:term":[{"taxonomy":"category","embeddable":true,"href":"https:\/\/elconspirador.com.mx\/index.php?rest_route=%2Fwp%2Fv2%2Fcategories&post=77780"},{"taxonomy":"post_tag","embeddable":true,"href":"https:\/\/elconspirador.com.mx\/index.php?rest_route=%2Fwp%2Fv2%2Ftags&post=77780"}],"curies":[{"name":"wp","href":"https:\/\/api.w.org\/{rel}","templated":true}]}}