{"id":80797,"date":"2026-07-23T12:25:28","date_gmt":"2026-07-23T18:25:28","guid":{"rendered":"https:\/\/elconspirador.com.mx\/?p=80797"},"modified":"2026-07-23T12:25:28","modified_gmt":"2026-07-23T18:25:28","slug":"centro-de-artes-reunira-productores-de-cactaceas","status":"publish","type":"post","link":"https:\/\/elconspirador.com.mx\/?p=80797","title":{"rendered":"CENTRO DE ARTES REUNIR\u00c1 PRODUCTORES DE CACT\u00c1CEAS"},"content":{"rendered":"<p>Del 31 de julio al 2 de agosto, el Centro de las Artes de Quer\u00e9taro (CEART) ser\u00e1 sede de la Experiencia Ambiental del Semidesierto Queretano, un encuentro gratuito que reunir\u00e1 a productores de cact\u00e1ceas de nueve estados, especialistas, autoridades ambientales y organizaciones civiles para promover la conservaci\u00f3n de la biodiversidad y la cultura del semidesierto.<\/p>\n<p>Los organizadores informaron que el evento ofrecer\u00e1 venta de plantas, talleres, conferencias, actividades infantiles, exposiciones, gastronom\u00eda y espacios educativos sobre cact\u00e1ceas, polinizadores, manejo de residuos y cuidado del agua. Las actividades se realizar\u00e1n de 10:00 a 20:00 horas, con entrada libre.<\/p>\n<p>Arturo Anaya Montes, organizador del encuentro, explic\u00f3 que el objetivo es acercar a las familias al patrimonio natural del estado.<\/p>\n<p>&#8220;Va a ser un evento muy diverso, muy amable, muy familiar&#8221;, afirm\u00f3, al destacar que la intenci\u00f3n es combinar educaci\u00f3n ambiental, cultura, gastronom\u00eda y recreaci\u00f3n en un mismo espacio.<\/p>\n<p>Quer\u00e9taro, tierra de cact\u00e1ceas<\/p>\n<p>Durante la presentaci\u00f3n se destac\u00f3 que Quer\u00e9taro forma parte del extremo sur del Desierto Chihuahuense, una de las regiones con mayor diversidad de cact\u00e1ceas del planeta.<\/p>\n<p>Anaya record\u00f3 que M\u00e9xico concentra alrededor del 58% de las especies de cact\u00e1ceas del mundo, mientras que el semidesierto queretano alberga especies end\u00e9micas y zonas de gran riqueza biol\u00f3gica.<\/p>\n<p>&#8220;Quer\u00e9taro tiene una biodiversidad impresionante&#8221;, se\u00f1al\u00f3.<\/p>\n<p>El especialista explic\u00f3 que las cact\u00e1ceas forman parte de la identidad del estado no solo por su valor ecol\u00f3gico, sino tambi\u00e9n por su presencia en la gastronom\u00eda, la arquitectura y las tradiciones del semidesierto, con productos como garambullos, xoconostles, biznagas y nopales.<\/p>\n<p>Talleres, ciencia y actividades familiares<\/p>\n<p>Adem\u00e1s de la exhibici\u00f3n y venta de plantas, el programa incluye talleres de reciclaje y reutilizaci\u00f3n de materiales, actividades para ni\u00f1as y ni\u00f1os, conferencias sobre la mariposa monarca, las abejas y la biodiversidad del semidesierto, as\u00ed como un domo interactivo de la Comisi\u00f3n Estatal de Aguas dedicado al cuidado del agua.<\/p>\n<p>Melissa Garc\u00eda, directora de Punto Org\u00e1nico, explic\u00f3 que el encuentro tambi\u00e9n busca reducir al m\u00ednimo la generaci\u00f3n de residuos.<\/p>\n<p>&#8220;Queremos que la gente empiece a desaprender y a aprender nuevas cosas, a aprender que para festejar no tenemos que generar tanta basura&#8221;, coment\u00f3.<\/p>\n<p>Los organizadores informaron que durante los tres d\u00edas habr\u00e1 estaciones para separaci\u00f3n de residuos, pr\u00e9stamo de platos y vasos reutilizables, adem\u00e1s de espacios para su lavado, con el objetivo de evitar el uso de desechables.<\/p>\n<p>La programaci\u00f3n completa puede consultarse en las redes sociales de la Asociaci\u00f3n de Productores y Cultivadores del Pa\u00eds (APC), as\u00ed como en las cuentas de M\u00e9xico Lindo y Qu\u00e9 Limpio, Punto Org\u00e1nico y Maguey Aprendamos Juntos.<\/p>\n","protected":false},"excerpt":{"rendered":"<p>Del 31 de julio al 2 de agosto, el Centro de las Artes de Quer\u00e9taro (CEART) ser\u00e1 sede de la Experiencia Ambiental del Semidesierto Queretano, un encuentro gratuito que reunir\u00e1 a productores de cact\u00e1ceas de nueve estados, especialistas, autoridades ambientales y organizaciones civiles para promover la conservaci\u00f3n de la biodiversidad y la cultura del semidesierto. Los organizadores informaron que el<\/p>\n<div class=\"h10\"><\/div>\n<p><a class=\"more-link2 flat\" href=\"https:\/\/elconspirador.com.mx\/?p=80797\">Leer m\u00e1s<\/a><\/p>\n","protected":false},"author":1,"featured_media":80798,"comment_status":"open","ping_status":"open","sticky":false,"template":"","format":"standard","meta":{"om_disable_all_campaigns":false,"_uf_show_specific_survey":0,"_uf_disable_surveys":false},"categories":[1],"tags":[],"aioseo_notices":[],"_links":{"self":[{"href":"https:\/\/elconspirador.com.mx\/index.php?rest_route=\/wp\/v2\/posts\/80797"}],"collection":[{"href":"https:\/\/elconspirador.com.mx\/index.php?rest_route=\/wp\/v2\/posts"}],"about":[{"href":"https:\/\/elconspirador.com.mx\/index.php?rest_route=\/wp\/v2\/types\/post"}],"author":[{"embeddable":true,"href":"https:\/\/elconspirador.com.mx\/index.php?rest_route=\/wp\/v2\/users\/1"}],"replies":[{"embeddable":true,"href":"https:\/\/elconspirador.com.mx\/index.php?rest_route=%2Fwp%2Fv2%2Fcomments&post=80797"}],"version-history":[{"count":1,"href":"https:\/\/elconspirador.com.mx\/index.php?rest_route=\/wp\/v2\/posts\/80797\/revisions"}],"predecessor-version":[{"id":80799,"href":"https:\/\/elconspirador.com.mx\/index.php?rest_route=\/wp\/v2\/posts\/80797\/revisions\/80799"}],"wp:featuredmedia":[{"embeddable":true,"href":"https:\/\/elconspirador.com.mx\/index.php?rest_route=\/wp\/v2\/media\/80798"}],"wp:attachment":[{"href":"https:\/\/elconspirador.com.mx\/index.php?rest_route=%2Fwp%2Fv2%2Fmedia&parent=80797"}],"wp:term":[{"taxonomy":"category","embeddable":true,"href":"https:\/\/elconspirador.com.mx\/index.php?rest_route=%2Fwp%2Fv2%2Fcategories&post=80797"},{"taxonomy":"post_tag","embeddable":true,"href":"https:\/\/elconspirador.com.mx\/index.php?rest_route=%2Fwp%2Fv2%2Ftags&post=80797"}],"curies":[{"name":"wp","href":"https:\/\/api.w.org\/{rel}","templated":true}]}}