{"id":80850,"date":"2026-07-23T21:20:06","date_gmt":"2026-07-24T03:20:06","guid":{"rendered":"https:\/\/elconspirador.com.mx\/?p=80850"},"modified":"2026-07-23T21:20:06","modified_gmt":"2026-07-24T03:20:06","slug":"obras-en-b-quintana-avanzan-a-buen-tiempo-kuri","status":"publish","type":"post","link":"https:\/\/elconspirador.com.mx\/?p=80850","title":{"rendered":"OBRAS EN B. QUINTANA AVANZAN A BUEN TIEMPO: KURI"},"content":{"rendered":"<p>Las obras del Tren M\u00e9xico\u2013Quer\u00e9taro en el cruce de Bernardo Quintana avanzan conforme al programa establecido, asegur\u00f3 el gobernador Mauricio Kuri Gonz\u00e1lez, quien reconoci\u00f3 que los trabajos continuar\u00e1n generando afectaciones a la movilidad durante las pr\u00f3ximas semanas, por lo que llam\u00f3 a la ciudadan\u00eda a mantener la paciencia mientras concluye esta etapa del proyecto.<\/p>\n<p>&#8220;Yo creo que la informaci\u00f3n que ha hecho el municipio y la informaci\u00f3n que ha hecho el estado por medio de Gerardo Cuanalo ha sido excepcional. Hemos hecho lo que est\u00e1 a nuestro alcance para mitigar las molestias a los ciudadanos&#8221;, afirm\u00f3 el mandatario estatal.<\/p>\n<p>Kuri Gonz\u00e1lez se\u00f1al\u00f3 que, a una semana y media del inicio de las intervenciones, el Ej\u00e9rcito mantiene el ritmo previsto para la ejecuci\u00f3n de los trabajos. Indic\u00f3 que las autoridades estatales y municipales han reforzado la difusi\u00f3n de informaci\u00f3n sobre cierres y alternativas viales para reducir el impacto en los traslados de los automovilistas.<\/p>\n<p>&#8220;El Ej\u00e9rcito va en buen tiempo en esta semana y media que llevan y, bueno, todav\u00eda nos faltan casi seis semanas y habr\u00e1 que tener mucha tolerancia&#8221;, expres\u00f3 el gobernador, al reiterar el llamado a la comprensi\u00f3n de la poblaci\u00f3n mientras concluye la obra ferroviaria en uno de los puntos con mayor carga vehicular de la zona metropolitana.<\/p>\n","protected":false},"excerpt":{"rendered":"<p>Las obras del Tren M\u00e9xico\u2013Quer\u00e9taro en el cruce de Bernardo Quintana avanzan conforme al programa establecido, asegur\u00f3 el gobernador Mauricio Kuri Gonz\u00e1lez, quien reconoci\u00f3 que los trabajos continuar\u00e1n generando afectaciones a la movilidad durante las pr\u00f3ximas semanas, por lo que llam\u00f3 a la ciudadan\u00eda a mantener la paciencia mientras concluye esta etapa del proyecto. &#8220;Yo creo que la informaci\u00f3n que<\/p>\n<div class=\"h10\"><\/div>\n<p><a class=\"more-link2 flat\" href=\"https:\/\/elconspirador.com.mx\/?p=80850\">Leer m\u00e1s<\/a><\/p>\n","protected":false},"author":1,"featured_media":80851,"comment_status":"open","ping_status":"open","sticky":false,"template":"","format":"standard","meta":{"om_disable_all_campaigns":false,"_uf_show_specific_survey":0,"_uf_disable_surveys":false},"categories":[1],"tags":[],"aioseo_notices":[],"_links":{"self":[{"href":"https:\/\/elconspirador.com.mx\/index.php?rest_route=\/wp\/v2\/posts\/80850"}],"collection":[{"href":"https:\/\/elconspirador.com.mx\/index.php?rest_route=\/wp\/v2\/posts"}],"about":[{"href":"https:\/\/elconspirador.com.mx\/index.php?rest_route=\/wp\/v2\/types\/post"}],"author":[{"embeddable":true,"href":"https:\/\/elconspirador.com.mx\/index.php?rest_route=\/wp\/v2\/users\/1"}],"replies":[{"embeddable":true,"href":"https:\/\/elconspirador.com.mx\/index.php?rest_route=%2Fwp%2Fv2%2Fcomments&post=80850"}],"version-history":[{"count":1,"href":"https:\/\/elconspirador.com.mx\/index.php?rest_route=\/wp\/v2\/posts\/80850\/revisions"}],"predecessor-version":[{"id":80852,"href":"https:\/\/elconspirador.com.mx\/index.php?rest_route=\/wp\/v2\/posts\/80850\/revisions\/80852"}],"wp:featuredmedia":[{"embeddable":true,"href":"https:\/\/elconspirador.com.mx\/index.php?rest_route=\/wp\/v2\/media\/80851"}],"wp:attachment":[{"href":"https:\/\/elconspirador.com.mx\/index.php?rest_route=%2Fwp%2Fv2%2Fmedia&parent=80850"}],"wp:term":[{"taxonomy":"category","embeddable":true,"href":"https:\/\/elconspirador.com.mx\/index.php?rest_route=%2Fwp%2Fv2%2Fcategories&post=80850"},{"taxonomy":"post_tag","embeddable":true,"href":"https:\/\/elconspirador.com.mx\/index.php?rest_route=%2Fwp%2Fv2%2Ftags&post=80850"}],"curies":[{"name":"wp","href":"https:\/\/api.w.org\/{rel}","templated":true}]}}