{"id":80853,"date":"2026-07-23T15:08:52","date_gmt":"2026-07-23T21:08:52","guid":{"rendered":"https:\/\/elconspirador.com.mx\/?p=80853"},"modified":"2026-07-23T15:08:52","modified_gmt":"2026-07-23T21:08:52","slug":"supervisan-obras-en-corregidora-2","status":"publish","type":"post","link":"https:\/\/elconspirador.com.mx\/?p=80853","title":{"rendered":"SUPERVISAN OBRAS EN CORREGIDORA"},"content":{"rendered":"<p class=\"s5\"><span class=\"s4\"><span class=\"bumpedFont15\">El presidente municipal de Corregidora, Chepe Guerrero, realiz<\/span><\/span><span class=\"s4\"><span class=\"bumpedFont15\">\u00f3<\/span><\/span><span class=\"s4\"><span class=\"bumpedFont15\"> un recorrido de supervisi<\/span><\/span><span class=\"s4\"><span class=\"bumpedFont15\">\u00f3<\/span><\/span><span class=\"s4\"><span class=\"bumpedFont15\">n por la construcci<\/span><\/span><span class=\"s4\"><span class=\"bumpedFont15\">\u00f3<\/span><\/span><span class=\"s4\"><span class=\"bumpedFont15\">n del parque p<\/span><\/span><span class=\"s4\"><span class=\"bumpedFont15\">\u00fa<\/span><\/span><span class=\"s4\"><span class=\"bumpedFont15\">blico en la colonia Jos<\/span><\/span><span class=\"s4\"><span class=\"bumpedFont15\">\u00e9<\/span><\/span><span class=\"s4\"><span class=\"bumpedFont15\">Mar<\/span><\/span><span class=\"s4\"><span class=\"bumpedFont15\">\u00ed<\/span><\/span><span class=\"s4\"><span class=\"bumpedFont15\">a <\/span><\/span><span class=\"s4\"><span class=\"bumpedFont15\">Truchuelo<\/span><\/span><span class=\"s4\"><span class=\"bumpedFont15\">, obra que beneficiar<\/span><\/span><span class=\"s4\"><span class=\"bumpedFont15\">\u00e1<\/span><\/span><span class=\"s4\"><span class=\"bumpedFont15\"> a m<\/span><\/span><span class=\"s4\"><span class=\"bumpedFont15\">\u00e1<\/span><\/span><span class=\"s4\"><span class=\"bumpedFont15\">s de 2 mil habitantes de la zona gracias a una inversi<\/span><\/span><span class=\"s4\"><span class=\"bumpedFont15\">\u00f3<\/span><\/span><span class=\"s4\"><span class=\"bumpedFont15\">n de 4.7 millones de pesos.<\/span><\/span><\/p>\n<p class=\"s5\"><span class=\"s4\">\u00a0<\/span><\/p>\n<p class=\"s5\"><span class=\"s4\"><span class=\"bumpedFont15\">&#8220;Como lo hemos dicho, llevamos infraestructura y servicios, pero tambi<\/span><\/span><span class=\"s4\"><span class=\"bumpedFont15\">\u00e9<\/span><\/span><span class=\"s4\"><span class=\"bumpedFont15\">n espacios de calidad para el sano esparcimiento de las familias de todas las zonas de Corregidora&#8221;, se<\/span><\/span><span class=\"s4\"><span class=\"bumpedFont15\">\u00f1<\/span><\/span><span class=\"s4\"><span class=\"bumpedFont15\">al<\/span><\/span><span class=\"s4\"><span class=\"bumpedFont15\">\u00f3<\/span><\/span><span class=\"s4\"><span class=\"bumpedFont15\"> el alcalde durante la supervisi\u00f3n.<\/span><\/span><\/p>\n<p class=\"s5\"><span class=\"s4\">\u00a0<\/span><\/p>\n<p class=\"s5\"><span class=\"s4\"><span class=\"bumpedFont15\">La titular de la Secretar<\/span><\/span><span class=\"s4\"><span class=\"bumpedFont15\">\u00ed<\/span><\/span><span class=\"s4\"><span class=\"bumpedFont15\">a de Obras P<\/span><\/span><span class=\"s4\"><span class=\"bumpedFont15\">\u00fa<\/span><\/span><span class=\"s4\"><span class=\"bumpedFont15\">blicas del Municipio de Corregidora, Viridiana Nava, detall<\/span><\/span><span class=\"s4\"><span class=\"bumpedFont15\">\u00f3<\/span><\/span><span class=\"s4\"><span class=\"bumpedFont15\"> que este espacio contar<\/span><\/span><span class=\"s4\"><span class=\"bumpedFont15\">\u00e1<\/span><\/span><span class=\"s4\"><span class=\"bumpedFont15\"> con <\/span><\/span><span class=\"s4\"><span class=\"bumpedFont15\">\u00e1<\/span><\/span><span class=\"s4\"><span class=\"bumpedFont15\">reas verdes, andadores, zonas recreativas, jardineras, luminarias y canchas deportivas.<\/span><\/span><\/p>\n<p class=\"s5\"><span class=\"s4\">\u00a0<\/span><\/p>\n<p class=\"s5\"><span class=\"s4\"><span class=\"bumpedFont15\">Posteriormente<\/span><\/span><span class=\"s4\"><span class=\"bumpedFont15\">, el alcalde visit<\/span><\/span><span class=\"s4\"><span class=\"bumpedFont15\">\u00f3<\/span><\/span><span class=\"s4\"><span class=\"bumpedFont15\"> el parque de la colonia Valle Diamante, donde, a trav<\/span><\/span><span class=\"s4\"><span class=\"bumpedFont15\">\u00e9<\/span><\/span><span class=\"s4\"><span class=\"bumpedFont15\">s del programa &#8220;Acciones A Paso Firme&#8221;, autoridades municipales y vecinos trabajaron de manera conjunta en su rehabilitaci<\/span><\/span><span class=\"s4\"><span class=\"bumpedFont15\">\u00f3<\/span><\/span><span class=\"s4\"><span class=\"bumpedFont15\">n.<\/span><\/span><\/p>\n<p class=\"s5\"><span class=\"s4\">\u00a0<\/span><\/p>\n<p class=\"s5\"><span class=\"s4\"><span class=\"bumpedFont15\">Cabe se\u00f1alar que, e<\/span><\/span><span class=\"s4\"><span class=\"bumpedFont15\">ntre las acciones realizadas<\/span><\/span><span class=\"s4\"><span class=\"bumpedFont15\">,<\/span><\/span><span class=\"s4\"><span class=\"bumpedFont15\">destacan la construcci<\/span><\/span><span class=\"s4\"><span class=\"bumpedFont15\">\u00f3<\/span><\/span><span class=\"s4\"><span class=\"bumpedFont15\">n de arriates de mamposter<\/span><\/span><span class=\"s4\"><span class=\"bumpedFont15\">\u00ed<\/span><\/span><span class=\"s4\"><span class=\"bumpedFont15\">a, la reparaci<\/span><\/span><span class=\"s4\"><span class=\"bumpedFont15\">\u00f3<\/span><\/span><span class=\"s4\"><span class=\"bumpedFont15\">n de plataformas y la instalaci<\/span><\/span><span class=\"s4\"><span class=\"bumpedFont15\">\u00f3<\/span><\/span><span class=\"s4\"><span class=\"bumpedFont15\">n de juegos infantiles y gimnasios urbanos.<\/span><\/span><\/p>\n","protected":false},"excerpt":{"rendered":"<p>El presidente municipal de Corregidora, Chepe Guerrero, realiz\u00f3 un recorrido de supervisi\u00f3n por la construcci\u00f3n del parque p\u00fablico en la colonia Jos\u00e9Mar\u00eda Truchuelo, obra que beneficiar\u00e1 a m\u00e1s de 2 mil habitantes de la zona gracias a una inversi\u00f3n de 4.7 millones de pesos. \u00a0 &#8220;Como lo hemos dicho, llevamos infraestructura y servicios, pero tambi\u00e9n espacios de calidad para el<\/p>\n<div class=\"h10\"><\/div>\n<p><a class=\"more-link2 flat\" href=\"https:\/\/elconspirador.com.mx\/?p=80853\">Leer m\u00e1s<\/a><\/p>\n","protected":false},"author":1,"featured_media":80854,"comment_status":"open","ping_status":"open","sticky":false,"template":"","format":"standard","meta":{"om_disable_all_campaigns":false,"_uf_show_specific_survey":0,"_uf_disable_surveys":false},"categories":[1],"tags":[],"aioseo_notices":[],"_links":{"self":[{"href":"https:\/\/elconspirador.com.mx\/index.php?rest_route=\/wp\/v2\/posts\/80853"}],"collection":[{"href":"https:\/\/elconspirador.com.mx\/index.php?rest_route=\/wp\/v2\/posts"}],"about":[{"href":"https:\/\/elconspirador.com.mx\/index.php?rest_route=\/wp\/v2\/types\/post"}],"author":[{"embeddable":true,"href":"https:\/\/elconspirador.com.mx\/index.php?rest_route=\/wp\/v2\/users\/1"}],"replies":[{"embeddable":true,"href":"https:\/\/elconspirador.com.mx\/index.php?rest_route=%2Fwp%2Fv2%2Fcomments&post=80853"}],"version-history":[{"count":1,"href":"https:\/\/elconspirador.com.mx\/index.php?rest_route=\/wp\/v2\/posts\/80853\/revisions"}],"predecessor-version":[{"id":80855,"href":"https:\/\/elconspirador.com.mx\/index.php?rest_route=\/wp\/v2\/posts\/80853\/revisions\/80855"}],"wp:featuredmedia":[{"embeddable":true,"href":"https:\/\/elconspirador.com.mx\/index.php?rest_route=\/wp\/v2\/media\/80854"}],"wp:attachment":[{"href":"https:\/\/elconspirador.com.mx\/index.php?rest_route=%2Fwp%2Fv2%2Fmedia&parent=80853"}],"wp:term":[{"taxonomy":"category","embeddable":true,"href":"https:\/\/elconspirador.com.mx\/index.php?rest_route=%2Fwp%2Fv2%2Fcategories&post=80853"},{"taxonomy":"post_tag","embeddable":true,"href":"https:\/\/elconspirador.com.mx\/index.php?rest_route=%2Fwp%2Fv2%2Ftags&post=80853"}],"curies":[{"name":"wp","href":"https:\/\/api.w.org\/{rel}","templated":true}]}}