{"id":80856,"date":"2026-07-23T15:55:54","date_gmt":"2026-07-23T21:55:54","guid":{"rendered":"https:\/\/elconspirador.com.mx\/?p=80856"},"modified":"2026-07-23T15:55:54","modified_gmt":"2026-07-23T21:55:54","slug":"federacion-reconoce-reduccion-de-delitos-en-queretaro","status":"publish","type":"post","link":"https:\/\/elconspirador.com.mx\/?p=80856","title":{"rendered":"FEDERACI\u00d3N RECONOCE REDUCCI\u00d3N DE DELITOS EN QUER\u00c9TARO"},"content":{"rendered":"<p>De acuerdo con las cifras publicadas por el Secretariado Ejecutivo del Sistema Nacional de Seguridad P\u00fablica (SESNSP), durante el periodo comprendido de enero a junio de 2026, el municipio de Quer\u00e9taro registr\u00f3 una disminuci\u00f3n del 2 por ciento en la incidencia delictiva total en comparaci\u00f3n con el mismo periodo de 2025.<\/p>\n<p>En cuanto a los delitos contra el patrimonio, durante el primer semestre de 2026 se registr\u00f3 una reducci\u00f3n del 12 por ciento respecto al mismo periodo del a\u00f1o anterior. Entre los delitos con mayor decremento destacan el robo en transporte individual (-51%), robo a transe\u00fante en v\u00eda p\u00fablica (-36%), robo de autopartes (-34%), robo a casa habitaci\u00f3n (-32%), robo de veh\u00edculo (-21%) y robo a negocio (-7%), entre otros.<\/p>\n<p>La disminuci\u00f3n de la incidencia delictiva, espec\u00edficamente en el mes de junio de 2026, se acent\u00faa a\u00fan m\u00e1s, respecto al mismo mes del a\u00f1o inmediato anterior, con una baja del 14 por ciento, prevaleciendo una reducci\u00f3n significativa en delitos como robo en transporte p\u00fablico individual, robo a transe\u00fante y robo de veh\u00edculo.<\/p>\n<p>Los resultados obtenidos son producto de la corresponsabilidad y participaci\u00f3n ciudadana, adem\u00e1s de la presencia y cercan\u00eda en calle por parte del personal operativo y la atenci\u00f3n oportuna a los reportes recibidos en el n\u00famero \u00fanico de emergencias 9-1-1, complementado con acciones en materia de prevenci\u00f3n, as\u00ed como el apoyo en calle de los agentes de las guardias C\u00edvica, Auxiliar y Vial.<\/p>\n","protected":false},"excerpt":{"rendered":"<p>De acuerdo con las cifras publicadas por el Secretariado Ejecutivo del Sistema Nacional de Seguridad P\u00fablica (SESNSP), durante el periodo comprendido de enero a junio de 2026, el municipio de Quer\u00e9taro registr\u00f3 una disminuci\u00f3n del 2 por ciento en la incidencia delictiva total en comparaci\u00f3n con el mismo periodo de 2025. En cuanto a los delitos contra el patrimonio, durante<\/p>\n<div class=\"h10\"><\/div>\n<p><a class=\"more-link2 flat\" href=\"https:\/\/elconspirador.com.mx\/?p=80856\">Leer m\u00e1s<\/a><\/p>\n","protected":false},"author":1,"featured_media":80857,"comment_status":"open","ping_status":"open","sticky":false,"template":"","format":"standard","meta":{"om_disable_all_campaigns":false,"_uf_show_specific_survey":0,"_uf_disable_surveys":false},"categories":[1],"tags":[],"aioseo_notices":[],"_links":{"self":[{"href":"https:\/\/elconspirador.com.mx\/index.php?rest_route=\/wp\/v2\/posts\/80856"}],"collection":[{"href":"https:\/\/elconspirador.com.mx\/index.php?rest_route=\/wp\/v2\/posts"}],"about":[{"href":"https:\/\/elconspirador.com.mx\/index.php?rest_route=\/wp\/v2\/types\/post"}],"author":[{"embeddable":true,"href":"https:\/\/elconspirador.com.mx\/index.php?rest_route=\/wp\/v2\/users\/1"}],"replies":[{"embeddable":true,"href":"https:\/\/elconspirador.com.mx\/index.php?rest_route=%2Fwp%2Fv2%2Fcomments&post=80856"}],"version-history":[{"count":1,"href":"https:\/\/elconspirador.com.mx\/index.php?rest_route=\/wp\/v2\/posts\/80856\/revisions"}],"predecessor-version":[{"id":80858,"href":"https:\/\/elconspirador.com.mx\/index.php?rest_route=\/wp\/v2\/posts\/80856\/revisions\/80858"}],"wp:featuredmedia":[{"embeddable":true,"href":"https:\/\/elconspirador.com.mx\/index.php?rest_route=\/wp\/v2\/media\/80857"}],"wp:attachment":[{"href":"https:\/\/elconspirador.com.mx\/index.php?rest_route=%2Fwp%2Fv2%2Fmedia&parent=80856"}],"wp:term":[{"taxonomy":"category","embeddable":true,"href":"https:\/\/elconspirador.com.mx\/index.php?rest_route=%2Fwp%2Fv2%2Fcategories&post=80856"},{"taxonomy":"post_tag","embeddable":true,"href":"https:\/\/elconspirador.com.mx\/index.php?rest_route=%2Fwp%2Fv2%2Ftags&post=80856"}],"curies":[{"name":"wp","href":"https:\/\/api.w.org\/{rel}","templated":true}]}}