{"id":80865,"date":"2026-07-24T09:41:30","date_gmt":"2026-07-24T15:41:30","guid":{"rendered":"https:\/\/elconspirador.com.mx\/?p=80865"},"modified":"2026-07-24T09:41:30","modified_gmt":"2026-07-24T15:41:30","slug":"detenidos-por-homicidio-calificado","status":"publish","type":"post","link":"https:\/\/elconspirador.com.mx\/?p=80865","title":{"rendered":"DETENIDOS POR HOMICIDIO CALIFICADO"},"content":{"rendered":"<p>Como resultado de las acciones permanentes de Sinergia, la Fiscal\u00eda General del Estado de Quer\u00e9taro, a trav\u00e9s de la Polic\u00eda de Investigaci\u00f3n del Delito, cumpliment\u00f3 dos \u00f3rdenes de aprehensi\u00f3n en contra de Mario Adolfo \u201cN\u201d y Ver\u00f3nica \u201cN\u201d, por su probable autor\u00eda en el delito de homicidio calificado.<\/p>\n<p>La investigaci\u00f3n deriva de hechos ocurridos el pasado 22 de mayo del presente a\u00f1o en la colonia L\u00e1zaro C\u00e1rdenas, municipio de Quer\u00e9taro.<\/p>\n<p>Desde el conocimiento de los hechos, personal ministerial, de la Polic\u00eda de Investigaci\u00f3n del Delito y de Servicios Periciales llev\u00f3 a cabo diversas diligencias especializadas que permitieron establecer l\u00edneas de investigaci\u00f3n, recabar datos de prueba e identificar a las personas probablemente intervinientes.<\/p>\n<p>Con estos elementos, la Fiscal\u00eda obtuvo de la autoridad judicial las \u00f3rdenes de aprehensi\u00f3n correspondientes, as\u00ed como la autorizaci\u00f3n para ejecutar un cateo en un inmueble ubicado en la colonia Valle de Juriquilla, en el municipio de Quer\u00e9taro.<\/p>\n<p>La diligencia fue ejecutada con apoyo de la Polic\u00eda Estatal, permitiendo la localizaci\u00f3n y detenci\u00f3n de ambas personas, quienes fueron puestas a disposici\u00f3n de la autoridad judicial que las requiere para que se determine su situaci\u00f3n jur\u00eddica conforme a derecho.<\/p>\n","protected":false},"excerpt":{"rendered":"<p>Como resultado de las acciones permanentes de Sinergia, la Fiscal\u00eda General del Estado de Quer\u00e9taro, a trav\u00e9s de la Polic\u00eda de Investigaci\u00f3n del Delito, cumpliment\u00f3 dos \u00f3rdenes de aprehensi\u00f3n en contra de Mario Adolfo \u201cN\u201d y Ver\u00f3nica \u201cN\u201d, por su probable autor\u00eda en el delito de homicidio calificado. La investigaci\u00f3n deriva de hechos ocurridos el pasado 22 de mayo del<\/p>\n<div class=\"h10\"><\/div>\n<p><a class=\"more-link2 flat\" href=\"https:\/\/elconspirador.com.mx\/?p=80865\">Leer m\u00e1s<\/a><\/p>\n","protected":false},"author":1,"featured_media":80866,"comment_status":"open","ping_status":"open","sticky":false,"template":"","format":"standard","meta":{"om_disable_all_campaigns":false,"_uf_show_specific_survey":0,"_uf_disable_surveys":false},"categories":[1],"tags":[],"aioseo_notices":[],"_links":{"self":[{"href":"https:\/\/elconspirador.com.mx\/index.php?rest_route=\/wp\/v2\/posts\/80865"}],"collection":[{"href":"https:\/\/elconspirador.com.mx\/index.php?rest_route=\/wp\/v2\/posts"}],"about":[{"href":"https:\/\/elconspirador.com.mx\/index.php?rest_route=\/wp\/v2\/types\/post"}],"author":[{"embeddable":true,"href":"https:\/\/elconspirador.com.mx\/index.php?rest_route=\/wp\/v2\/users\/1"}],"replies":[{"embeddable":true,"href":"https:\/\/elconspirador.com.mx\/index.php?rest_route=%2Fwp%2Fv2%2Fcomments&post=80865"}],"version-history":[{"count":1,"href":"https:\/\/elconspirador.com.mx\/index.php?rest_route=\/wp\/v2\/posts\/80865\/revisions"}],"predecessor-version":[{"id":80867,"href":"https:\/\/elconspirador.com.mx\/index.php?rest_route=\/wp\/v2\/posts\/80865\/revisions\/80867"}],"wp:featuredmedia":[{"embeddable":true,"href":"https:\/\/elconspirador.com.mx\/index.php?rest_route=\/wp\/v2\/media\/80866"}],"wp:attachment":[{"href":"https:\/\/elconspirador.com.mx\/index.php?rest_route=%2Fwp%2Fv2%2Fmedia&parent=80865"}],"wp:term":[{"taxonomy":"category","embeddable":true,"href":"https:\/\/elconspirador.com.mx\/index.php?rest_route=%2Fwp%2Fv2%2Fcategories&post=80865"},{"taxonomy":"post_tag","embeddable":true,"href":"https:\/\/elconspirador.com.mx\/index.php?rest_route=%2Fwp%2Fv2%2Ftags&post=80865"}],"curies":[{"name":"wp","href":"https:\/\/api.w.org\/{rel}","templated":true}]}}