{"id":80871,"date":"2026-07-24T13:09:54","date_gmt":"2026-07-24T19:09:54","guid":{"rendered":"https:\/\/elconspirador.com.mx\/?p=80871"},"modified":"2026-07-24T13:09:54","modified_gmt":"2026-07-24T19:09:54","slug":"disminuye-trabajo-marginal-de-ninos-ninas-y-adolescentes","status":"publish","type":"post","link":"https:\/\/elconspirador.com.mx\/?p=80871","title":{"rendered":"DISMINUYE TRABAJO MARGINAL DE NI\u00d1OS, NI\u00d1AS Y ADOLESCENTES"},"content":{"rendered":"<p>Con el objetivo de prevenir, atender y erradicar el trabajo urbano marginal de ni\u00f1as, ni\u00f1os y adolescentes, el Municipio de Quer\u00e9taro, a trav\u00e9s del Sistema Municipal DIF y la Procuradur\u00eda de Protecci\u00f3n de Ni\u00f1as, Ni\u00f1os y Adolescentes, implementa una estrategia integral para promover la restituci\u00f3n y protecci\u00f3n de sus derechos.<\/p>\n<p>Como resultado de estas acciones, se registr\u00f3 una disminuci\u00f3n en la tasa promedio mensual de ni\u00f1as, ni\u00f1os y adolescentes detectados en situaci\u00f3n de trabajo urbano marginal, al pasar de 16 casos por mes durante el periodo de octubre a diciembre de 2024 a 13.4 casos por mes entre enero y mayo de 2026. Este comportamiento refleja una tendencia gradual a la baja derivada de las intervenciones y acciones de sensibilizaci\u00f3n implementadas.<\/p>\n<p>En la presente administraci\u00f3n se fortalecieron los recorridos ordinarios y extraordinarios mediante la ampliaci\u00f3n de horarios y d\u00edas de atenci\u00f3n. Esta medida permiti\u00f3 incrementar la cobertura y productividad de los servicios que brinda el equipo multidisciplinario a las familias con ni\u00f1as, ni\u00f1os y adolescentes en situaci\u00f3n de trabajo urbano marginal, adem\u00e1s de ampliar el alcance de las acciones de sensibilizaci\u00f3n y canalizaci\u00f3n.<\/p>\n<p>A trav\u00e9s de un trabajo multidisciplinario, el Municipio implementa acciones de sensibilizaci\u00f3n, detecci\u00f3n, acompa\u00f1amiento y canalizaci\u00f3n a los Centros de D\u00eda y a otros servicios institucionales. Con ello se promueven alternativas de cuidado, educaci\u00f3n, salud, desarrollo integral y fortalecimiento familiar, con prioridad permanente al inter\u00e9s superior de la ni\u00f1ez y la adolescencia.<\/p>\n<p>El Municipio de Quer\u00e9taro cuenta con tres Centros de D\u00eda, cuya principal finalidad es restituir derechos y disminuir los factores de riesgo para evitar que ni\u00f1as, ni\u00f1os y adolescentes permanezcan expuestos en la v\u00eda p\u00fablica. En estos espacios se ofrece alimentaci\u00f3n, apoyo escolar y regularizaci\u00f3n acad\u00e9mica, actividades recreativas y deportivas, atenci\u00f3n psicol\u00f3gica, trabajo social, as\u00ed como canalizaci\u00f3n a servicios m\u00e9dicos y jur\u00eddicos.<\/p>\n","protected":false},"excerpt":{"rendered":"<p>Con el objetivo de prevenir, atender y erradicar el trabajo urbano marginal de ni\u00f1as, ni\u00f1os y adolescentes, el Municipio de Quer\u00e9taro, a trav\u00e9s del Sistema Municipal DIF y la Procuradur\u00eda de Protecci\u00f3n de Ni\u00f1as, Ni\u00f1os y Adolescentes, implementa una estrategia integral para promover la restituci\u00f3n y protecci\u00f3n de sus derechos. Como resultado de estas acciones, se registr\u00f3 una disminuci\u00f3n en<\/p>\n<div class=\"h10\"><\/div>\n<p><a class=\"more-link2 flat\" href=\"https:\/\/elconspirador.com.mx\/?p=80871\">Leer m\u00e1s<\/a><\/p>\n","protected":false},"author":1,"featured_media":80872,"comment_status":"open","ping_status":"open","sticky":false,"template":"","format":"standard","meta":{"om_disable_all_campaigns":false,"_uf_show_specific_survey":0,"_uf_disable_surveys":false},"categories":[1],"tags":[],"aioseo_notices":[],"_links":{"self":[{"href":"https:\/\/elconspirador.com.mx\/index.php?rest_route=\/wp\/v2\/posts\/80871"}],"collection":[{"href":"https:\/\/elconspirador.com.mx\/index.php?rest_route=\/wp\/v2\/posts"}],"about":[{"href":"https:\/\/elconspirador.com.mx\/index.php?rest_route=\/wp\/v2\/types\/post"}],"author":[{"embeddable":true,"href":"https:\/\/elconspirador.com.mx\/index.php?rest_route=\/wp\/v2\/users\/1"}],"replies":[{"embeddable":true,"href":"https:\/\/elconspirador.com.mx\/index.php?rest_route=%2Fwp%2Fv2%2Fcomments&post=80871"}],"version-history":[{"count":1,"href":"https:\/\/elconspirador.com.mx\/index.php?rest_route=\/wp\/v2\/posts\/80871\/revisions"}],"predecessor-version":[{"id":80873,"href":"https:\/\/elconspirador.com.mx\/index.php?rest_route=\/wp\/v2\/posts\/80871\/revisions\/80873"}],"wp:featuredmedia":[{"embeddable":true,"href":"https:\/\/elconspirador.com.mx\/index.php?rest_route=\/wp\/v2\/media\/80872"}],"wp:attachment":[{"href":"https:\/\/elconspirador.com.mx\/index.php?rest_route=%2Fwp%2Fv2%2Fmedia&parent=80871"}],"wp:term":[{"taxonomy":"category","embeddable":true,"href":"https:\/\/elconspirador.com.mx\/index.php?rest_route=%2Fwp%2Fv2%2Fcategories&post=80871"},{"taxonomy":"post_tag","embeddable":true,"href":"https:\/\/elconspirador.com.mx\/index.php?rest_route=%2Fwp%2Fv2%2Ftags&post=80871"}],"curies":[{"name":"wp","href":"https:\/\/api.w.org\/{rel}","templated":true}]}}