{"id":80943,"date":"2026-07-27T09:44:07","date_gmt":"2026-07-27T15:44:07","guid":{"rendered":"https:\/\/elconspirador.com.mx\/?p=80943"},"modified":"2026-07-27T09:44:07","modified_gmt":"2026-07-27T15:44:07","slug":"corregidora-realiza-jornada-de-limpieza-en-punta-esmeralda","status":"publish","type":"post","link":"https:\/\/elconspirador.com.mx\/?p=80943","title":{"rendered":"CORREGIDORA REALIZA JORNADA DE LIMPIEZA EN PUNTA ESMERALDA"},"content":{"rendered":"<p class=\"s6\"><span class=\"s4\"><span class=\"bumpedFont15\">El alcalde de Corregidora, Chepe Guerrero, junto con las y los titulares e integrantes de las diferentes Secretar\u00edas y Direcciones Municipales, llev\u00f3 a cabo una jornada de limpieza y mantenimiento en el fraccionamiento Punta Esmeralda, tras <\/span><\/span><span class=\"s4\"><span class=\"bumpedFont15\">su entrega oficial al Municipio, donde adem\u00e1s convivi\u00f3 y escuch\u00f3 las inquietudes de los vecinos.<\/span><\/span><\/p>\n<p class=\"s6\"><span class=\"s4\">\u00a0<\/span><\/p>\n<p class=\"s6\"><span class=\"s4\"><span class=\"bumpedFont15\">En agradecimiento por su cercan\u00eda y el apoyo brindado para concretar la entrega oficial del fraccionamiento al <\/span><\/span><span class=\"s4\"><span class=\"bumpedFont15\">Municipio, las y los vecinos<\/span><\/span><span class=\"s4\"><span class=\"bumpedFont15\"> le obsequiaron una playera con la leyenda: &#8220;Chepe Guerrero \u00a1S\u00ed Cumple!&#8221;<\/span><\/span><span class=\"s4\"><span class=\"bumpedFont15\"> y unas macetas<\/span><\/span><a name=\"_GoBack\"><\/a><span class=\"s4\"><span class=\"bumpedFont15\">. A su vez, el alcalde reconoci\u00f3 el compromiso de la comunidad por mantener el desarrollo habitacional limpio y ordenado, as\u00ed como el cuidado que brindan a las \u00e1reas verdes y a los animales que habitan en la zona.<\/span><\/span><\/p>\n<p class=\"s6\"><span class=\"s4\">\u00a0<\/span><\/p>\n<p class=\"s6\"><span class=\"s4\"><span class=\"bumpedFont15\">&#8220;Me da mucho gusto que el fraccionamiento Punta Esmeralda ya haya sido entregado de manera oficial al Municipio. Por ello, nos encontramos realizando labores de limpieza y mantenimiento, adem\u00e1s de brindar todos los servicios que les corresponden. Poco a poco estaremos llevando a cabo distintas intervenciones y seguiremos a sus \u00f3rdenes para atender lo que se requiera&#8221;, expres\u00f3 Chepe Guerrero.<\/span><\/span><\/p>\n<p class=\"s6\"><span class=\"s4\">\u00a0<\/span><\/p>\n<p class=\"s6\"><span class=\"s4\"><span class=\"bumpedFont15\">Las cuadrillas integradas por las y los servidores p\u00fablicos del Gobierno Municipal de Corregidora realizaron labores de poda, limpieza y mantenimiento en avenidas, camellones y \u00e1reas verdes.<\/span><\/span><span class=\"s4\"><span class=\"bumpedFont15\"> Tambi\u00e9n participaron regidores y la coordinadora del programa estatal \u201cJuntos Contigo\u201d, Laura Dorantes.<\/span><\/span><\/p>\n","protected":false},"excerpt":{"rendered":"<p>El alcalde de Corregidora, Chepe Guerrero, junto con las y los titulares e integrantes de las diferentes Secretar\u00edas y Direcciones Municipales, llev\u00f3 a cabo una jornada de limpieza y mantenimiento en el fraccionamiento Punta Esmeralda, tras su entrega oficial al Municipio, donde adem\u00e1s convivi\u00f3 y escuch\u00f3 las inquietudes de los vecinos. \u00a0 En agradecimiento por su cercan\u00eda y el apoyo<\/p>\n<div class=\"h10\"><\/div>\n<p><a class=\"more-link2 flat\" href=\"https:\/\/elconspirador.com.mx\/?p=80943\">Leer m\u00e1s<\/a><\/p>\n","protected":false},"author":1,"featured_media":80944,"comment_status":"open","ping_status":"open","sticky":false,"template":"","format":"standard","meta":{"om_disable_all_campaigns":false,"_uf_show_specific_survey":0,"_uf_disable_surveys":false},"categories":[1],"tags":[],"aioseo_notices":[],"_links":{"self":[{"href":"https:\/\/elconspirador.com.mx\/index.php?rest_route=\/wp\/v2\/posts\/80943"}],"collection":[{"href":"https:\/\/elconspirador.com.mx\/index.php?rest_route=\/wp\/v2\/posts"}],"about":[{"href":"https:\/\/elconspirador.com.mx\/index.php?rest_route=\/wp\/v2\/types\/post"}],"author":[{"embeddable":true,"href":"https:\/\/elconspirador.com.mx\/index.php?rest_route=\/wp\/v2\/users\/1"}],"replies":[{"embeddable":true,"href":"https:\/\/elconspirador.com.mx\/index.php?rest_route=%2Fwp%2Fv2%2Fcomments&post=80943"}],"version-history":[{"count":1,"href":"https:\/\/elconspirador.com.mx\/index.php?rest_route=\/wp\/v2\/posts\/80943\/revisions"}],"predecessor-version":[{"id":80946,"href":"https:\/\/elconspirador.com.mx\/index.php?rest_route=\/wp\/v2\/posts\/80943\/revisions\/80946"}],"wp:featuredmedia":[{"embeddable":true,"href":"https:\/\/elconspirador.com.mx\/index.php?rest_route=\/wp\/v2\/media\/80944"}],"wp:attachment":[{"href":"https:\/\/elconspirador.com.mx\/index.php?rest_route=%2Fwp%2Fv2%2Fmedia&parent=80943"}],"wp:term":[{"taxonomy":"category","embeddable":true,"href":"https:\/\/elconspirador.com.mx\/index.php?rest_route=%2Fwp%2Fv2%2Fcategories&post=80943"},{"taxonomy":"post_tag","embeddable":true,"href":"https:\/\/elconspirador.com.mx\/index.php?rest_route=%2Fwp%2Fv2%2Ftags&post=80943"}],"curies":[{"name":"wp","href":"https:\/\/api.w.org\/{rel}","templated":true}]}}