{"id":80959,"date":"2026-07-27T11:20:35","date_gmt":"2026-07-27T17:20:35","guid":{"rendered":"https:\/\/elconspirador.com.mx\/?p=80959"},"modified":"2026-07-27T11:20:35","modified_gmt":"2026-07-27T17:20:35","slug":"capital-ha-retirado-11-toneladas-de-cableado-en-desuso","status":"publish","type":"post","link":"https:\/\/elconspirador.com.mx\/?p=80959","title":{"rendered":"CAPITAL HA RETIRADO 11 TONELADAS DE CABLEADO EN DESUSO"},"content":{"rendered":"<p>Con el objetivo de mejorar la imagen urbana y prevenir riesgos para la movilidad en la ciudad, y por instrucci\u00f3n del presidente municipal de Quer\u00e9taro, Felifer Mac\u00edas, la secretar\u00eda de Movilidad, con el apoyo de la C\u00e1mara Nacional de la Industria Electr\u00f3nica, de Telecomunicaciones y Tecnolog\u00edas de la Informaci\u00f3n (CANIETI), mantiene los trabajos para retirar cableado en desuso de la v\u00eda p\u00fablica.<\/p>\n<p>Como parte de esta Acci\u00f3n del Plan Orden, durante el presente a\u00f1o se ha intervenido en vialidades secundarias del municipio, donde se han retirado 11 toneladas de cableado en desuso, equivalentes a 103 kil\u00f3metros lineales de material que ya no prestaba servicio y afectaba la imagen urbana.<\/p>\n<p>Durante el segundo semestre del a\u00f1o se han realizado 15 jornadas de retiro de cableado en desuso en vialidades como Prolongaci\u00f3n Tecnol\u00f3gico, avenida Tl\u00e1loc, avenida Luis Pasteur Sur, calzada de los Arcos\u2013avenida H\u00e9rcules, avenida Sombrerete, avenida Zaragoza, Prolongaci\u00f3n Corregidora Norte, calle San Agust\u00edn del Retablo, circuito \u00c1lamos, calle Nicol\u00e1s Campa, calle Morelos, avenida del 57 y Madero. Con estas acciones, el Municipio avanza hacia la meta establecida para 2026, que contempla el retiro de 26.5 toneladas de cableado al cierre del a\u00f1o.<\/p>\n<p>Los trabajos se realizan en coordinaci\u00f3n con 14 empresas de telecomunicaciones afiliadas a la CANIETI: Telmex, Flo Networks, AT&amp;T, Izzi, Axtel, Totalplay, UC Telecom, Inpro Telecom, Quattrocom, Blztelco, Megacable, TV Rey, IENTC y Even Telecom.<\/p>\n<p>Por parte del Municipio, bajo la coordinaci\u00f3n de la secretar\u00eda de Movilidad, participan la secretar\u00eda de Gobierno, a trav\u00e9s de la Coordinaci\u00f3n Municipal de Protecci\u00f3n Civil, y la secretar\u00eda de Servicios P\u00fablicos Municipales.<\/p>\n<p>Con estas acciones, Felifer Mac\u00edas reafirma su compromiso con el Plan Orden, mediante una pol\u00edtica p\u00fablica orientada al ordenamiento del espacio p\u00fablico, la mejora de la imagen urbana y la prevenci\u00f3n de riesgos para las y los queretanos.<\/p>\n","protected":false},"excerpt":{"rendered":"<p>Con el objetivo de mejorar la imagen urbana y prevenir riesgos para la movilidad en la ciudad, y por instrucci\u00f3n del presidente municipal de Quer\u00e9taro, Felifer Mac\u00edas, la secretar\u00eda de Movilidad, con el apoyo de la C\u00e1mara Nacional de la Industria Electr\u00f3nica, de Telecomunicaciones y Tecnolog\u00edas de la Informaci\u00f3n (CANIETI), mantiene los trabajos para retirar cableado en desuso de la<\/p>\n<div class=\"h10\"><\/div>\n<p><a class=\"more-link2 flat\" href=\"https:\/\/elconspirador.com.mx\/?p=80959\">Leer m\u00e1s<\/a><\/p>\n","protected":false},"author":1,"featured_media":80960,"comment_status":"open","ping_status":"open","sticky":false,"template":"","format":"standard","meta":{"om_disable_all_campaigns":false,"_uf_show_specific_survey":0,"_uf_disable_surveys":false},"categories":[1],"tags":[],"aioseo_notices":[],"_links":{"self":[{"href":"https:\/\/elconspirador.com.mx\/index.php?rest_route=\/wp\/v2\/posts\/80959"}],"collection":[{"href":"https:\/\/elconspirador.com.mx\/index.php?rest_route=\/wp\/v2\/posts"}],"about":[{"href":"https:\/\/elconspirador.com.mx\/index.php?rest_route=\/wp\/v2\/types\/post"}],"author":[{"embeddable":true,"href":"https:\/\/elconspirador.com.mx\/index.php?rest_route=\/wp\/v2\/users\/1"}],"replies":[{"embeddable":true,"href":"https:\/\/elconspirador.com.mx\/index.php?rest_route=%2Fwp%2Fv2%2Fcomments&post=80959"}],"version-history":[{"count":1,"href":"https:\/\/elconspirador.com.mx\/index.php?rest_route=\/wp\/v2\/posts\/80959\/revisions"}],"predecessor-version":[{"id":80961,"href":"https:\/\/elconspirador.com.mx\/index.php?rest_route=\/wp\/v2\/posts\/80959\/revisions\/80961"}],"wp:featuredmedia":[{"embeddable":true,"href":"https:\/\/elconspirador.com.mx\/index.php?rest_route=\/wp\/v2\/media\/80960"}],"wp:attachment":[{"href":"https:\/\/elconspirador.com.mx\/index.php?rest_route=%2Fwp%2Fv2%2Fmedia&parent=80959"}],"wp:term":[{"taxonomy":"category","embeddable":true,"href":"https:\/\/elconspirador.com.mx\/index.php?rest_route=%2Fwp%2Fv2%2Fcategories&post=80959"},{"taxonomy":"post_tag","embeddable":true,"href":"https:\/\/elconspirador.com.mx\/index.php?rest_route=%2Fwp%2Fv2%2Ftags&post=80959"}],"curies":[{"name":"wp","href":"https:\/\/api.w.org\/{rel}","templated":true}]}}