{"id":80995,"date":"2026-08-02T13:45:35","date_gmt":"2026-08-02T19:45:35","guid":{"rendered":"https:\/\/elconspirador.com.mx\/?p=80995"},"modified":"2026-08-02T13:45:35","modified_gmt":"2026-08-02T19:45:35","slug":"a-prision-por-amenazar-a-su-esposa-con-un-arma","status":"publish","type":"post","link":"https:\/\/elconspirador.com.mx\/?p=80995","title":{"rendered":"A PRISI\u00d3N POR AMENAZAR A SU ESPOSA CON UN ARMA"},"content":{"rendered":"<p>La Fiscal\u00eda General del Estado de Quer\u00e9taro obtuvo la vinculaci\u00f3n a proceso de Mario \u201cN\u201d por el delito de violencia familiar, derivado de hechos ocurridos en un domicilio de la colonia Vaquer\u00edas, en el municipio de San Juan del R\u00edo.<\/p>\n<p>De acuerdo con la investigaci\u00f3n, el 5 de julio de 2026, el imputado presuntamente sostuvo una discusi\u00f3n con su esposa al interior del domicilio que compart\u00edan, durante la cual la insult\u00f3 y la amenaz\u00f3 de muerte, apunt\u00e1ndole con un arma de fuego. Posteriormente, el 8 de julio de 2026, nuevamente la habr\u00eda agredido verbalmente, amenaz\u00e1ndola con privarla de la vida y utilizando la misma arma de fuego con la finalidad de intimidarla.<\/p>\n<p>Tras su detenci\u00f3n, el arma fue asegurada como instrumento del delito y el imputado qued\u00f3 a disposici\u00f3n de esta Fiscal\u00eda, donde se decret\u00f3 legal su detenci\u00f3n y retenci\u00f3n por 48 horas. La carpeta de investigaci\u00f3n fue judicializada con persona detenida y se program\u00f3 la audiencia inicial correspondiente.<\/p>\n<p>En audiencia celebrada el 11 de julio de 2026, la autoridad judicial calific\u00f3 de legal la detenci\u00f3n, vincul\u00f3 a proceso a Mario \u201cN\u201d por el delito de violencia familiar, impuso la medida cautelar de prisi\u00f3n preventiva justificada y fij\u00f3 un plazo de un mes para la investigaci\u00f3n complementaria.<\/p>\n","protected":false},"excerpt":{"rendered":"<p>La Fiscal\u00eda General del Estado de Quer\u00e9taro obtuvo la vinculaci\u00f3n a proceso de Mario \u201cN\u201d por el delito de violencia familiar, derivado de hechos ocurridos en un domicilio de la colonia Vaquer\u00edas, en el municipio de San Juan del R\u00edo. De acuerdo con la investigaci\u00f3n, el 5 de julio de 2026, el imputado presuntamente sostuvo una discusi\u00f3n con su esposa<\/p>\n<div class=\"h10\"><\/div>\n<p><a class=\"more-link2 flat\" href=\"https:\/\/elconspirador.com.mx\/?p=80995\">Leer m\u00e1s<\/a><\/p>\n","protected":false},"author":1,"featured_media":80996,"comment_status":"open","ping_status":"open","sticky":false,"template":"","format":"standard","meta":{"om_disable_all_campaigns":false,"_uf_show_specific_survey":0,"_uf_disable_surveys":false},"categories":[1],"tags":[],"aioseo_notices":[],"_links":{"self":[{"href":"https:\/\/elconspirador.com.mx\/index.php?rest_route=\/wp\/v2\/posts\/80995"}],"collection":[{"href":"https:\/\/elconspirador.com.mx\/index.php?rest_route=\/wp\/v2\/posts"}],"about":[{"href":"https:\/\/elconspirador.com.mx\/index.php?rest_route=\/wp\/v2\/types\/post"}],"author":[{"embeddable":true,"href":"https:\/\/elconspirador.com.mx\/index.php?rest_route=\/wp\/v2\/users\/1"}],"replies":[{"embeddable":true,"href":"https:\/\/elconspirador.com.mx\/index.php?rest_route=%2Fwp%2Fv2%2Fcomments&post=80995"}],"version-history":[{"count":1,"href":"https:\/\/elconspirador.com.mx\/index.php?rest_route=\/wp\/v2\/posts\/80995\/revisions"}],"predecessor-version":[{"id":80997,"href":"https:\/\/elconspirador.com.mx\/index.php?rest_route=\/wp\/v2\/posts\/80995\/revisions\/80997"}],"wp:featuredmedia":[{"embeddable":true,"href":"https:\/\/elconspirador.com.mx\/index.php?rest_route=\/wp\/v2\/media\/80996"}],"wp:attachment":[{"href":"https:\/\/elconspirador.com.mx\/index.php?rest_route=%2Fwp%2Fv2%2Fmedia&parent=80995"}],"wp:term":[{"taxonomy":"category","embeddable":true,"href":"https:\/\/elconspirador.com.mx\/index.php?rest_route=%2Fwp%2Fv2%2Fcategories&post=80995"},{"taxonomy":"post_tag","embeddable":true,"href":"https:\/\/elconspirador.com.mx\/index.php?rest_route=%2Fwp%2Fv2%2Ftags&post=80995"}],"curies":[{"name":"wp","href":"https:\/\/api.w.org\/{rel}","templated":true}]}}