{"id":81016,"date":"2026-07-29T09:38:17","date_gmt":"2026-07-29T15:38:17","guid":{"rendered":"https:\/\/elconspirador.com.mx\/?p=81016"},"modified":"2026-07-29T09:38:17","modified_gmt":"2026-07-29T15:38:17","slug":"arango-anuncia-guerra-sucia-vs-el-pan","status":"publish","type":"post","link":"https:\/\/elconspirador.com.mx\/?p=81016","title":{"rendered":"ARANGO ANUNCIA \u201cGUERRA SUCIA\u201d VS EL PAN"},"content":{"rendered":"<p>El presidente del Comit\u00e9 Directivo Estatal del Partido Acci\u00f3n Nacional (PAN), Mart\u00edn Arango Garc\u00eda, asegur\u00f3 que la difusi\u00f3n del v\u00ednculo entre el senador Agust\u00edn Dorantes y la acad\u00e9mica Natalia Torres tuvo como objetivo generar divisi\u00f3n entre los aspirantes del partido, aunque sostuvo que la militancia se mantiene unida.<\/p>\n<p>Luego de que se diera a conocer la relaci\u00f3n entre ambos y trascendiera que la informaci\u00f3n provino de otro grupo pol\u00edtico al interior del PAN, el dirigente estatal afirm\u00f3 que se trat\u00f3 de un intento por confrontar a los perfiles panistas.<\/p>\n<p>&#8220;Me queda claro que quisieron meter sa\u00f1a entre los aspirantes de Acci\u00f3n Nacional; sin embargo, este ha sido un ejemplo tambi\u00e9n de la fortaleza y la unidad que existen al interior de nuestra instituci\u00f3n&#8221;.<\/p>\n<p>Mart\u00edn Arango reiter\u00f3 que, pese a las distintas versiones que han circulado, el PAN mantiene cohesi\u00f3n de cara al proceso para definir a su pr\u00f3ximo coordinador en el estado de Quer\u00e9taro.<\/p>\n<p>Asimismo, se\u00f1al\u00f3 que el partido har\u00e1 frente a las cr\u00edticas y ataques provenientes de la oposici\u00f3n, al asegurar que existe comunicaci\u00f3n permanente entre los distintos liderazgos panistas.<\/p>\n<p>&#8220;Vamos a resistir los ataques de todos estos perfiles de la oposici\u00f3n, que nos quieren contrapuntear, porque la comunicaci\u00f3n entre nosotros es perfecta&#8221;.<\/p>\n","protected":false},"excerpt":{"rendered":"<p>El presidente del Comit\u00e9 Directivo Estatal del Partido Acci\u00f3n Nacional (PAN), Mart\u00edn Arango Garc\u00eda, asegur\u00f3 que la difusi\u00f3n del v\u00ednculo entre el senador Agust\u00edn Dorantes y la acad\u00e9mica Natalia Torres tuvo como objetivo generar divisi\u00f3n entre los aspirantes del partido, aunque sostuvo que la militancia se mantiene unida. Luego de que se diera a conocer la relaci\u00f3n entre ambos y<\/p>\n<div class=\"h10\"><\/div>\n<p><a class=\"more-link2 flat\" href=\"https:\/\/elconspirador.com.mx\/?p=81016\">Leer m\u00e1s<\/a><\/p>\n","protected":false},"author":1,"featured_media":81017,"comment_status":"open","ping_status":"open","sticky":false,"template":"","format":"standard","meta":{"om_disable_all_campaigns":false,"_uf_show_specific_survey":0,"_uf_disable_surveys":false},"categories":[1],"tags":[],"aioseo_notices":[],"_links":{"self":[{"href":"https:\/\/elconspirador.com.mx\/index.php?rest_route=\/wp\/v2\/posts\/81016"}],"collection":[{"href":"https:\/\/elconspirador.com.mx\/index.php?rest_route=\/wp\/v2\/posts"}],"about":[{"href":"https:\/\/elconspirador.com.mx\/index.php?rest_route=\/wp\/v2\/types\/post"}],"author":[{"embeddable":true,"href":"https:\/\/elconspirador.com.mx\/index.php?rest_route=\/wp\/v2\/users\/1"}],"replies":[{"embeddable":true,"href":"https:\/\/elconspirador.com.mx\/index.php?rest_route=%2Fwp%2Fv2%2Fcomments&post=81016"}],"version-history":[{"count":1,"href":"https:\/\/elconspirador.com.mx\/index.php?rest_route=\/wp\/v2\/posts\/81016\/revisions"}],"predecessor-version":[{"id":81018,"href":"https:\/\/elconspirador.com.mx\/index.php?rest_route=\/wp\/v2\/posts\/81016\/revisions\/81018"}],"wp:featuredmedia":[{"embeddable":true,"href":"https:\/\/elconspirador.com.mx\/index.php?rest_route=\/wp\/v2\/media\/81017"}],"wp:attachment":[{"href":"https:\/\/elconspirador.com.mx\/index.php?rest_route=%2Fwp%2Fv2%2Fmedia&parent=81016"}],"wp:term":[{"taxonomy":"category","embeddable":true,"href":"https:\/\/elconspirador.com.mx\/index.php?rest_route=%2Fwp%2Fv2%2Fcategories&post=81016"},{"taxonomy":"post_tag","embeddable":true,"href":"https:\/\/elconspirador.com.mx\/index.php?rest_route=%2Fwp%2Fv2%2Ftags&post=81016"}],"curies":[{"name":"wp","href":"https:\/\/api.w.org\/{rel}","templated":true}]}}