{"id":81028,"date":"2026-07-28T18:37:19","date_gmt":"2026-07-29T00:37:19","guid":{"rendered":"https:\/\/elconspirador.com.mx\/?p=81028"},"modified":"2026-07-28T18:37:19","modified_gmt":"2026-07-29T00:37:19","slug":"corregidora-realiza-clase-de-defensa-personal-para-ciudadanos","status":"publish","type":"post","link":"https:\/\/elconspirador.com.mx\/?p=81028","title":{"rendered":"CORREGIDORA REALIZA CLASE DE DEFENSA PERSONAL PARA CIUDADANOS"},"content":{"rendered":"<p class=\"s6\"><span class=\"s5\">Con el objetivo de fortalecer el v\u00ednculo con la ciudadan\u00eda y acercar a las y los habitantes el trabajo, profesionalismo y capacidades de la corporaci\u00f3n policial, la Secretar\u00eda de Seguridad P\u00fablica Municipal de Corregidora llev\u00f3 a cabo una clase b\u00e1sica de Defensa Personal para Mujeres<\/span><span class=\"s5\"> en el Foro Multicultural de Candiles<\/span><span class=\"s5\">.<\/span><\/p>\n<p class=\"s6\"><span class=\"s5\">\u00a0<\/span><\/p>\n<p class=\"s6\"><span class=\"s5\">&#8220;La seguridad tambi\u00e9n se construye a trav\u00e9s de la prevenci\u00f3n y el fortalecimiento de las capacidades de la ciudadan\u00eda. Con este tipo de actividades buscamos que m\u00e1s mujeres cuenten con herramientas para identificar situaciones de riesgo, actuar con mayor confianza y sepan que en la Secretar\u00eda de Seguridad P\u00fablica Municipal de Corregidora encontrar\u00e1n una instituci\u00f3n cercana, profesional y comprometida con su bienestar&#8221;, destac\u00f3 el secretario de Seguridad P\u00fablica Municipal de Corregidor<\/span><span class=\"s5\">a, <\/span><span class=\"s5\">Adri\u00e1n <\/span><span class=\"s5\">Arturo Arroyo Pedraza.<\/span><\/p>\n<p class=\"s6\"><span class=\"s5\">\u00a0<\/span><\/p>\n<p class=\"s6\"><span class=\"s5\">La capacitaci\u00f3n fue impartida por el Polic\u00eda Tercero Fidencio Villanueva Moncada, segundo dan en <\/span><span class=\"s5\">Krav<\/span><span class=\"s5\">Maga; el Polic\u00eda Hugo Misael Valverde Chac\u00f3n, cinta caf\u00e9 primer <\/span><span class=\"s5\">kyu<\/span><span class=\"s5\"> en <\/span><span class=\"s5\">Shotokan<\/span><span class=\"s5\"> y Karate-Do; as\u00ed como por la instructora Andrea <\/span><span class=\"s5\">Garf\u00edas<\/span><span class=\"s5\"> Garc\u00eda, especialista en Jiu-Jitsu <\/span><span class=\"s5\">Brasile\u00f1o<\/span><span class=\"s5\">.<\/span><\/p>\n<p class=\"s6\"><span class=\"s5\">\u00a0<\/span><\/p>\n<p class=\"s6\"><span class=\"s5\">Durante tres horas, las participantes aprendieron t\u00e9cnicas b\u00e1sicas de defensa personal basadas en movimientos naturales y de f\u00e1cil aplicaci\u00f3n, orientadas a fortalecer su capacidad de reacci\u00f3n ante situaciones de riesgo. Asimismo, conocieron las herramientas tecnol\u00f3gicas con las que cuenta el municipio para solicitar apoyo de manera inmediata, como los Botones de Enlace Ciudadano instalados en distintos puntos de Corregidora.<\/span><\/p>\n<p class=\"s6\"><span class=\"s5\">\u00a0<\/span><\/p>\n<p class=\"s6\"><span class=\"s5\">De igual forma, se les brind\u00f3 informaci\u00f3n sobre los servicios de atenci\u00f3n, orientaci\u00f3n y acompa\u00f1amiento que ofrece la Unidad Especializada de Atenci\u00f3n a V\u00edctimas (UNEAVI), dirigida a personas que han sido afectadas por alg\u00fan hecho delictivo o situaci\u00f3n de violencia.<\/span><\/p>\n<p class=\"s6\"><span class=\"s5\">\u00a0<\/span><\/p>\n<p class=\"s6\"><span class=\"s5\">Con estas acciones, la Secretar\u00eda de Seguridad P\u00fablica Municipal de Corregidora refrenda su compromiso de impulsar estrategias que fortalezcan la prevenci\u00f3n del delito, el autocuidado y la proximidad social, generando espacios de confianza y participaci\u00f3n entre la polic\u00eda y la ciudadan\u00eda.<\/span><\/p>\n<p class=\"s6\"><span class=\"s5\">\u00a0<\/span><\/p>\n<p class=\"s6\"><span class=\"s5\">Durante la actividad tambi\u00e9n se difundi\u00f3 la convocatoria para integrarse a la corporaci\u00f3n como Polic\u00eda de Proximidad de Corregidora, invitando a las y los asistentes a conocer las oportunidades de desarrollo profesional y de servicio a la comunidad que ofrece la instituci\u00f3n.<\/span><\/p>\n","protected":false},"excerpt":{"rendered":"<p>Con el objetivo de fortalecer el v\u00ednculo con la ciudadan\u00eda y acercar a las y los habitantes el trabajo, profesionalismo y capacidades de la corporaci\u00f3n policial, la Secretar\u00eda de Seguridad P\u00fablica Municipal de Corregidora llev\u00f3 a cabo una clase b\u00e1sica de Defensa Personal para Mujeres en el Foro Multicultural de Candiles. \u00a0 &#8220;La seguridad tambi\u00e9n se construye a trav\u00e9s de<\/p>\n<div class=\"h10\"><\/div>\n<p><a class=\"more-link2 flat\" href=\"https:\/\/elconspirador.com.mx\/?p=81028\">Leer m\u00e1s<\/a><\/p>\n","protected":false},"author":1,"featured_media":81029,"comment_status":"open","ping_status":"open","sticky":false,"template":"","format":"standard","meta":{"om_disable_all_campaigns":false,"_uf_show_specific_survey":0,"_uf_disable_surveys":false},"categories":[1],"tags":[],"aioseo_notices":[],"_links":{"self":[{"href":"https:\/\/elconspirador.com.mx\/index.php?rest_route=\/wp\/v2\/posts\/81028"}],"collection":[{"href":"https:\/\/elconspirador.com.mx\/index.php?rest_route=\/wp\/v2\/posts"}],"about":[{"href":"https:\/\/elconspirador.com.mx\/index.php?rest_route=\/wp\/v2\/types\/post"}],"author":[{"embeddable":true,"href":"https:\/\/elconspirador.com.mx\/index.php?rest_route=\/wp\/v2\/users\/1"}],"replies":[{"embeddable":true,"href":"https:\/\/elconspirador.com.mx\/index.php?rest_route=%2Fwp%2Fv2%2Fcomments&post=81028"}],"version-history":[{"count":1,"href":"https:\/\/elconspirador.com.mx\/index.php?rest_route=\/wp\/v2\/posts\/81028\/revisions"}],"predecessor-version":[{"id":81030,"href":"https:\/\/elconspirador.com.mx\/index.php?rest_route=\/wp\/v2\/posts\/81028\/revisions\/81030"}],"wp:featuredmedia":[{"embeddable":true,"href":"https:\/\/elconspirador.com.mx\/index.php?rest_route=\/wp\/v2\/media\/81029"}],"wp:attachment":[{"href":"https:\/\/elconspirador.com.mx\/index.php?rest_route=%2Fwp%2Fv2%2Fmedia&parent=81028"}],"wp:term":[{"taxonomy":"category","embeddable":true,"href":"https:\/\/elconspirador.com.mx\/index.php?rest_route=%2Fwp%2Fv2%2Fcategories&post=81028"},{"taxonomy":"post_tag","embeddable":true,"href":"https:\/\/elconspirador.com.mx\/index.php?rest_route=%2Fwp%2Fv2%2Ftags&post=81028"}],"curies":[{"name":"wp","href":"https:\/\/api.w.org\/{rel}","templated":true}]}}