{"id":81052,"date":"2026-08-02T11:14:44","date_gmt":"2026-08-02T17:14:44","guid":{"rendered":"https:\/\/elconspirador.com.mx\/?p=81052"},"modified":"2026-08-02T11:14:44","modified_gmt":"2026-08-02T17:14:44","slug":"impuesto-sobre-la-nomina-ha-mitigado-recorte-federal","status":"publish","type":"post","link":"https:\/\/elconspirador.com.mx\/?p=81052","title":{"rendered":"IMPUESTO SOBRE LA N\u00d3MINA HA MITIGADO RECORTE FEDERAL"},"content":{"rendered":"<p>El gobernador de Quer\u00e9taro, Mauricio Kuri Gonz\u00e1lez, asegur\u00f3 que el incremento al impuesto sobre la n\u00f3mina ha permitido mitigar el impacto de los recortes presupuestales aplicados por la Federaci\u00f3n, los cuales, dijo, ascienden a mil 800 millones de pesos en lo que va del a\u00f1o.<\/p>\n<p>El mandatario estatal advirti\u00f3 que esta disminuci\u00f3n de recursos podr\u00eda reflejarse en la ejecuci\u00f3n de obra p\u00fablica; sin embargo, destac\u00f3 que el aumento al gravamen ha sido clave para mantener la inversi\u00f3n en \u00e1reas prioritarias.<\/p>\n<p>&#8220;Nos ha ayudado much\u00edsimo el impuesto sobre n\u00f3mina, que lo subimos al inicio de la administraci\u00f3n para poder ayudar en obras y en apoyos, y lo que hemos hecho en apoyo a escuelas, lo que hemos hecho tambi\u00e9n en deporte, en educaci\u00f3n, en seguridad&#8221;.<\/p>\n<p>Kuri Gonz\u00e1lez afirm\u00f3 que, pese al ajuste en las participaciones federales, su administraci\u00f3n no ha realizado recortes en materia de seguridad ni en otros rubros considerados prioritarios, con el objetivo de evitar afectaciones a la ciudadan\u00eda.<\/p>\n<p>&#8220;La verdad es que seguimos con una buena calificaci\u00f3n financiera. La verdad es que el equipo que tengo ha permitido tener una buena calificaci\u00f3n y hacer m\u00e1s con menos&#8221;.<\/p>\n<p>Finalmente, inform\u00f3 que este mi\u00e9rcoles viajar\u00e1 a la Ciudad de M\u00e9xico para sostener una reuni\u00f3n con el secretario de Educaci\u00f3n, con el prop\u00f3sito de gestionar recursos destinados al fortalecimiento de la infraestructura educativa en Quer\u00e9taro.<\/p>\n","protected":false},"excerpt":{"rendered":"<p>El gobernador de Quer\u00e9taro, Mauricio Kuri Gonz\u00e1lez, asegur\u00f3 que el incremento al impuesto sobre la n\u00f3mina ha permitido mitigar el impacto de los recortes presupuestales aplicados por la Federaci\u00f3n, los cuales, dijo, ascienden a mil 800 millones de pesos en lo que va del a\u00f1o. El mandatario estatal advirti\u00f3 que esta disminuci\u00f3n de recursos podr\u00eda reflejarse en la ejecuci\u00f3n de<\/p>\n<div class=\"h10\"><\/div>\n<p><a class=\"more-link2 flat\" href=\"https:\/\/elconspirador.com.mx\/?p=81052\">Leer m\u00e1s<\/a><\/p>\n","protected":false},"author":1,"featured_media":81053,"comment_status":"open","ping_status":"open","sticky":false,"template":"","format":"standard","meta":{"om_disable_all_campaigns":false,"_uf_show_specific_survey":0,"_uf_disable_surveys":false},"categories":[1],"tags":[],"aioseo_notices":[],"_links":{"self":[{"href":"https:\/\/elconspirador.com.mx\/index.php?rest_route=\/wp\/v2\/posts\/81052"}],"collection":[{"href":"https:\/\/elconspirador.com.mx\/index.php?rest_route=\/wp\/v2\/posts"}],"about":[{"href":"https:\/\/elconspirador.com.mx\/index.php?rest_route=\/wp\/v2\/types\/post"}],"author":[{"embeddable":true,"href":"https:\/\/elconspirador.com.mx\/index.php?rest_route=\/wp\/v2\/users\/1"}],"replies":[{"embeddable":true,"href":"https:\/\/elconspirador.com.mx\/index.php?rest_route=%2Fwp%2Fv2%2Fcomments&post=81052"}],"version-history":[{"count":1,"href":"https:\/\/elconspirador.com.mx\/index.php?rest_route=\/wp\/v2\/posts\/81052\/revisions"}],"predecessor-version":[{"id":81054,"href":"https:\/\/elconspirador.com.mx\/index.php?rest_route=\/wp\/v2\/posts\/81052\/revisions\/81054"}],"wp:featuredmedia":[{"embeddable":true,"href":"https:\/\/elconspirador.com.mx\/index.php?rest_route=\/wp\/v2\/media\/81053"}],"wp:attachment":[{"href":"https:\/\/elconspirador.com.mx\/index.php?rest_route=%2Fwp%2Fv2%2Fmedia&parent=81052"}],"wp:term":[{"taxonomy":"category","embeddable":true,"href":"https:\/\/elconspirador.com.mx\/index.php?rest_route=%2Fwp%2Fv2%2Fcategories&post=81052"},{"taxonomy":"post_tag","embeddable":true,"href":"https:\/\/elconspirador.com.mx\/index.php?rest_route=%2Fwp%2Fv2%2Ftags&post=81052"}],"curies":[{"name":"wp","href":"https:\/\/api.w.org\/{rel}","templated":true}]}}