{"id":81116,"date":"2026-07-31T07:04:59","date_gmt":"2026-07-31T13:04:59","guid":{"rendered":"https:\/\/elconspirador.com.mx\/?p=81116"},"modified":"2026-07-31T07:04:59","modified_gmt":"2026-07-31T13:04:59","slug":"empresarios-embelleceran-azoteas-en-bernal","status":"publish","type":"post","link":"https:\/\/elconspirador.com.mx\/?p=81116","title":{"rendered":"EMPRESARIOS EMBELLECER\u00c1N AZOTEAS EN BERNAL"},"content":{"rendered":"<p>M\u00e1s de 25 empresarios de Bernal se han sumado a un proyecto de embellecimiento de azoteas que busca mejorar la imagen urbana y, principalmente, las vistas hacia la Pe\u00f1a, inform\u00f3 la directora de Turismo del municipio de Ezequiel Montes, Ivonne Cabrera Camacho. La iniciativa contempla ocultar tinacos y otros elementos poco est\u00e9ticos mediante materiales como madera, cact\u00e1ceas y paisajismo, adem\u00e1s de convertir estos espacios en roof gardens y puntos atractivos para fotograf\u00edas.<\/p>\n<p>Cabrera Camacho explic\u00f3 que el proyecto surgi\u00f3 como parte de las acciones de ordenamiento y mejoramiento de la imagen tur\u00edstica de Bernal, con la participaci\u00f3n directa de propietarios y empresarios. Destac\u00f3 que, aunque se trata de un Pueblo M\u00e1gico peque\u00f1o, la respuesta de al menos 25 prestadores representa un avance importante y puede generar un efecto de imitaci\u00f3n entre m\u00e1s negocios y habitantes.<\/p>\n<p>\u201cEstamos trabajando mucho en el tema de las azoteas, porque queremos que cuando la gente vea la Pe\u00f1a, las vistas sean bonitas. Hay empresarios que ya est\u00e1n tapando sus tinacos de manera sostenible, con cact\u00e1ceas, con madera y con paisajismo; ya son alrededor de 25 empresarios que est\u00e1n trabajando en esto y creo que pronto vamos a empezar a ver esas fotograf\u00edas en Instagram\u201d, se\u00f1al\u00f3.<\/p>\n<p>La funcionaria consider\u00f3 que estas acciones forman parte de un proceso m\u00e1s amplio para elevar la calidad de la experiencia tur\u00edstica en Bernal, bajo un concepto de turismo premium que no necesariamente significa mayores precios, sino mejores servicios y espacios. En paralelo, dijo, se avanza en el ordenamiento de recorridos tur\u00edsticos, rutas y medidas de seguridad, con mayor vigilancia para evitar excesos de velocidad, ruido y polvo, adem\u00e1s de exigir el uso de casco y prohibir el consumo de alcohol durante los paseos.<\/p>\n<p>\u201cCuando empiezas a arreglar una cosa, las dem\u00e1s empiezan a arreglarse; es como la ventana rota. Si t\u00fa ves que hay desorden, se genera m\u00e1s desorden, pero cuando empiezas a ver que hay orden, limpieza y que los empresarios est\u00e1n cumpliendo, tambi\u00e9n se genera un c\u00edrculo virtuoso y la gente quiere sumarse\u201d, afirm\u00f3 Cabrera Camacho.<\/p>\n<p>La directora de Turismo se\u00f1al\u00f3 que estas mejoras se realizan de cara a una temporada vacacional con expectativas positivas para Bernal, al considerar que el Pueblo M\u00e1gico podr\u00eda alcanzar hasta 100 por ciento de ocupaci\u00f3n hotelera. A\u00f1adi\u00f3 que el destino atraviesa uno de sus mejores momentos tur\u00edsticos por la recuperaci\u00f3n del turismo familiar, la diversificaci\u00f3n de su oferta y la coordinaci\u00f3n entre autoridades, empresarios y prestadores de servicios.<\/p>\n","protected":false},"excerpt":{"rendered":"<p>M\u00e1s de 25 empresarios de Bernal se han sumado a un proyecto de embellecimiento de azoteas que busca mejorar la imagen urbana y, principalmente, las vistas hacia la Pe\u00f1a, inform\u00f3 la directora de Turismo del municipio de Ezequiel Montes, Ivonne Cabrera Camacho. La iniciativa contempla ocultar tinacos y otros elementos poco est\u00e9ticos mediante materiales como madera, cact\u00e1ceas y paisajismo, adem\u00e1s<\/p>\n<div class=\"h10\"><\/div>\n<p><a class=\"more-link2 flat\" href=\"https:\/\/elconspirador.com.mx\/?p=81116\">Leer m\u00e1s<\/a><\/p>\n","protected":false},"author":1,"featured_media":81117,"comment_status":"open","ping_status":"open","sticky":false,"template":"","format":"standard","meta":{"om_disable_all_campaigns":false,"_uf_show_specific_survey":0,"_uf_disable_surveys":false},"categories":[1],"tags":[],"aioseo_notices":[],"_links":{"self":[{"href":"https:\/\/elconspirador.com.mx\/index.php?rest_route=\/wp\/v2\/posts\/81116"}],"collection":[{"href":"https:\/\/elconspirador.com.mx\/index.php?rest_route=\/wp\/v2\/posts"}],"about":[{"href":"https:\/\/elconspirador.com.mx\/index.php?rest_route=\/wp\/v2\/types\/post"}],"author":[{"embeddable":true,"href":"https:\/\/elconspirador.com.mx\/index.php?rest_route=\/wp\/v2\/users\/1"}],"replies":[{"embeddable":true,"href":"https:\/\/elconspirador.com.mx\/index.php?rest_route=%2Fwp%2Fv2%2Fcomments&post=81116"}],"version-history":[{"count":1,"href":"https:\/\/elconspirador.com.mx\/index.php?rest_route=\/wp\/v2\/posts\/81116\/revisions"}],"predecessor-version":[{"id":81118,"href":"https:\/\/elconspirador.com.mx\/index.php?rest_route=\/wp\/v2\/posts\/81116\/revisions\/81118"}],"wp:featuredmedia":[{"embeddable":true,"href":"https:\/\/elconspirador.com.mx\/index.php?rest_route=\/wp\/v2\/media\/81117"}],"wp:attachment":[{"href":"https:\/\/elconspirador.com.mx\/index.php?rest_route=%2Fwp%2Fv2%2Fmedia&parent=81116"}],"wp:term":[{"taxonomy":"category","embeddable":true,"href":"https:\/\/elconspirador.com.mx\/index.php?rest_route=%2Fwp%2Fv2%2Fcategories&post=81116"},{"taxonomy":"post_tag","embeddable":true,"href":"https:\/\/elconspirador.com.mx\/index.php?rest_route=%2Fwp%2Fv2%2Ftags&post=81116"}],"curies":[{"name":"wp","href":"https:\/\/api.w.org\/{rel}","templated":true}]}}