{"id":81136,"date":"2026-08-01T14:12:33","date_gmt":"2026-08-01T20:12:33","guid":{"rendered":"https:\/\/elconspirador.com.mx\/?p=81136"},"modified":"2026-08-01T14:12:33","modified_gmt":"2026-08-01T20:12:33","slug":"pc-queretaro-aumenta-a-10-mil-su-reserva-de-costaleras","status":"publish","type":"post","link":"https:\/\/elconspirador.com.mx\/?p=81136","title":{"rendered":"PC QUER\u00c9TARO AUMENTA A 10 MIL SU RESERVA DE COSTALERAS"},"content":{"rendered":"<p>La Coordinaci\u00f3n Estatal de Protecci\u00f3n Civil reforz\u00f3 su capacidad de respuesta ante la temporada de lluvias al contar con una reserva de hasta 10 mil costales, adem\u00e1s de 5 mil costales ya preparados para su distribuci\u00f3n en caso de contingencias por inundaciones.<\/p>\n<p>El coordinador estatal de Protecci\u00f3n Civil, Javier Amaya Torres, hizo un llamado a la poblaci\u00f3n a no bajar la guardia, al advertir que las precipitaciones continuar\u00e1n durante los pr\u00f3ximos meses.<\/p>\n<p>&#8220;No hay que confiarnos, sigue la temporada de lluvias y va a seguir hasta el pr\u00f3ximo a\u00f1o, pr\u00e1cticamente. Todo este a\u00f1o vamos a tener lluvias&#8221;.<\/p>\n<p>Aunque reconoci\u00f3 que se prev\u00e9 un periodo de aproximadamente dos meses con una disminuci\u00f3n en las precipitaciones, indic\u00f3 que a partir de octubre volver\u00e1n las lluvias, por lo que la dependencia mantiene las acciones preventivas para atender posibles afectaciones.<\/p>\n<p>Adem\u00e1s de los costales, destac\u00f3 que Protecci\u00f3n Civil cuenta con bombas traga s\u00f3lidos para apoyar a los 18 municipios en la atenci\u00f3n de encharcamientos e inundaciones, con el objetivo de reducir la acumulaci\u00f3n de agua en calles y vialidades.<\/p>\n<p>Amaya Torres adelant\u00f3 que ya se analiza el fortalecimiento del equipamiento para el pr\u00f3ximo a\u00f1o, de acuerdo con los pron\u00f3sticos meteorol\u00f3gicos.<\/p>\n<p>&#8220;Estamos haciendo la valoraci\u00f3n para el pr\u00f3ximo a\u00f1o. Con base en lo que se est\u00e9 pronosticando, vamos a ver la compra del equipo que se necesita para atender el pr\u00f3ximo a\u00f1o&#8221;.<\/p>\n","protected":false},"excerpt":{"rendered":"<p>La Coordinaci\u00f3n Estatal de Protecci\u00f3n Civil reforz\u00f3 su capacidad de respuesta ante la temporada de lluvias al contar con una reserva de hasta 10 mil costales, adem\u00e1s de 5 mil costales ya preparados para su distribuci\u00f3n en caso de contingencias por inundaciones. El coordinador estatal de Protecci\u00f3n Civil, Javier Amaya Torres, hizo un llamado a la poblaci\u00f3n a no bajar<\/p>\n<div class=\"h10\"><\/div>\n<p><a class=\"more-link2 flat\" href=\"https:\/\/elconspirador.com.mx\/?p=81136\">Leer m\u00e1s<\/a><\/p>\n","protected":false},"author":1,"featured_media":81137,"comment_status":"open","ping_status":"open","sticky":false,"template":"","format":"standard","meta":{"om_disable_all_campaigns":false,"_uf_show_specific_survey":0,"_uf_disable_surveys":false},"categories":[1],"tags":[],"aioseo_notices":[],"_links":{"self":[{"href":"https:\/\/elconspirador.com.mx\/index.php?rest_route=\/wp\/v2\/posts\/81136"}],"collection":[{"href":"https:\/\/elconspirador.com.mx\/index.php?rest_route=\/wp\/v2\/posts"}],"about":[{"href":"https:\/\/elconspirador.com.mx\/index.php?rest_route=\/wp\/v2\/types\/post"}],"author":[{"embeddable":true,"href":"https:\/\/elconspirador.com.mx\/index.php?rest_route=\/wp\/v2\/users\/1"}],"replies":[{"embeddable":true,"href":"https:\/\/elconspirador.com.mx\/index.php?rest_route=%2Fwp%2Fv2%2Fcomments&post=81136"}],"version-history":[{"count":1,"href":"https:\/\/elconspirador.com.mx\/index.php?rest_route=\/wp\/v2\/posts\/81136\/revisions"}],"predecessor-version":[{"id":81138,"href":"https:\/\/elconspirador.com.mx\/index.php?rest_route=\/wp\/v2\/posts\/81136\/revisions\/81138"}],"wp:featuredmedia":[{"embeddable":true,"href":"https:\/\/elconspirador.com.mx\/index.php?rest_route=\/wp\/v2\/media\/81137"}],"wp:attachment":[{"href":"https:\/\/elconspirador.com.mx\/index.php?rest_route=%2Fwp%2Fv2%2Fmedia&parent=81136"}],"wp:term":[{"taxonomy":"category","embeddable":true,"href":"https:\/\/elconspirador.com.mx\/index.php?rest_route=%2Fwp%2Fv2%2Fcategories&post=81136"},{"taxonomy":"post_tag","embeddable":true,"href":"https:\/\/elconspirador.com.mx\/index.php?rest_route=%2Fwp%2Fv2%2Ftags&post=81136"}],"curies":[{"name":"wp","href":"https:\/\/api.w.org\/{rel}","templated":true}]}}