{"id":81160,"date":"2026-07-31T14:26:38","date_gmt":"2026-07-31T20:26:38","guid":{"rendered":"https:\/\/elconspirador.com.mx\/?p=81160"},"modified":"2026-07-31T14:26:38","modified_gmt":"2026-07-31T20:26:38","slug":"gobierno-federal-rechaza-crimen-organizado-en-palmillas","status":"publish","type":"post","link":"https:\/\/elconspirador.com.mx\/?p=81160","title":{"rendered":"GOBIERNO FEDERAL RECHAZA CRIMEN ORGANIZADO EN PALMILLAS"},"content":{"rendered":"<p>El secretario de Seguridad y Protecci\u00f3n Ciudadana del Gobierno federal, Omar Garc\u00eda Harfuch, asegur\u00f3 que no tiene conocimiento de la existencia de un c\u00e1rtel del crimen organizado que opere en Palmillas, en los l\u00edmites entre Quer\u00e9taro e Hidalgo.<\/p>\n<p>Lo anterior, luego de que Santiago Nieto Castillo afirmara que en esa zona existe una organizaci\u00f3n dedicada al robo de combustible, la cual tambi\u00e9n tendr\u00eda presencia en territorio queretano.<\/p>\n<p>Al respecto, Garc\u00eda Harfuch sostuvo que, hasta el momento, la Federaci\u00f3n mantiene una estrecha coordinaci\u00f3n con las autoridades estatales y reiter\u00f3 la disposici\u00f3n de brindar apoyo en cualquier investigaci\u00f3n relacionada con grupos delictivos.<\/p>\n<p>&#8220;No tengo conocimiento de un c\u00e1rtel de Palmillas. Tenemos una buena coordinaci\u00f3n con la Fiscal\u00eda de Quer\u00e9taro, con el Gobierno de Quer\u00e9taro y, si requieren apoyo de cualquier tipo de investigaci\u00f3n sobre cualquier grupo delictivo, saben que estamos dispuestos a apoyar en cualquier operaci\u00f3n&#8221;.<\/p>\n<p>El titular de la dependencia federal destac\u00f3 que la coordinaci\u00f3n entre los distintos niveles de gobierno ha permitido concretar diversos operativos en materia de seguridad para detener a personas vinculadas con organizaciones criminales.<\/p>\n<p>Asimismo, record\u00f3 que, gracias al trabajo conjunto entre autoridades federales y estatales, fueron detenidos los autores materiales de la masacre registrada en el bar Los Cantaritos, adem\u00e1s de que se han realizado otros operativos coordinados en la entidad.<\/p>\n<p>Las declaraciones del funcionario contrastan con las de Santiago Nieto Castillo, quien asegur\u00f3 que existe una organizaci\u00f3n dedicada al huachicol en la zona lim\u00edtrofe entre Quer\u00e9taro e Hidalgo y que sus integrantes tambi\u00e9n operan en el Estado de M\u00e9xico.<\/p>\n","protected":false},"excerpt":{"rendered":"<p>El secretario de Seguridad y Protecci\u00f3n Ciudadana del Gobierno federal, Omar Garc\u00eda Harfuch, asegur\u00f3 que no tiene conocimiento de la existencia de un c\u00e1rtel del crimen organizado que opere en Palmillas, en los l\u00edmites entre Quer\u00e9taro e Hidalgo. Lo anterior, luego de que Santiago Nieto Castillo afirmara que en esa zona existe una organizaci\u00f3n dedicada al robo de combustible, la<\/p>\n<div class=\"h10\"><\/div>\n<p><a class=\"more-link2 flat\" href=\"https:\/\/elconspirador.com.mx\/?p=81160\">Leer m\u00e1s<\/a><\/p>\n","protected":false},"author":1,"featured_media":81161,"comment_status":"open","ping_status":"open","sticky":false,"template":"","format":"standard","meta":{"om_disable_all_campaigns":false,"_uf_show_specific_survey":0,"_uf_disable_surveys":false},"categories":[1],"tags":[],"aioseo_notices":[],"_links":{"self":[{"href":"https:\/\/elconspirador.com.mx\/index.php?rest_route=\/wp\/v2\/posts\/81160"}],"collection":[{"href":"https:\/\/elconspirador.com.mx\/index.php?rest_route=\/wp\/v2\/posts"}],"about":[{"href":"https:\/\/elconspirador.com.mx\/index.php?rest_route=\/wp\/v2\/types\/post"}],"author":[{"embeddable":true,"href":"https:\/\/elconspirador.com.mx\/index.php?rest_route=\/wp\/v2\/users\/1"}],"replies":[{"embeddable":true,"href":"https:\/\/elconspirador.com.mx\/index.php?rest_route=%2Fwp%2Fv2%2Fcomments&post=81160"}],"version-history":[{"count":1,"href":"https:\/\/elconspirador.com.mx\/index.php?rest_route=\/wp\/v2\/posts\/81160\/revisions"}],"predecessor-version":[{"id":81162,"href":"https:\/\/elconspirador.com.mx\/index.php?rest_route=\/wp\/v2\/posts\/81160\/revisions\/81162"}],"wp:featuredmedia":[{"embeddable":true,"href":"https:\/\/elconspirador.com.mx\/index.php?rest_route=\/wp\/v2\/media\/81161"}],"wp:attachment":[{"href":"https:\/\/elconspirador.com.mx\/index.php?rest_route=%2Fwp%2Fv2%2Fmedia&parent=81160"}],"wp:term":[{"taxonomy":"category","embeddable":true,"href":"https:\/\/elconspirador.com.mx\/index.php?rest_route=%2Fwp%2Fv2%2Fcategories&post=81160"},{"taxonomy":"post_tag","embeddable":true,"href":"https:\/\/elconspirador.com.mx\/index.php?rest_route=%2Fwp%2Fv2%2Ftags&post=81160"}],"curies":[{"name":"wp","href":"https:\/\/api.w.org\/{rel}","templated":true}]}}