{"id":81217,"date":"2026-08-03T11:12:34","date_gmt":"2026-08-03T17:12:34","guid":{"rendered":"https:\/\/elconspirador.com.mx\/?p=81217"},"modified":"2026-08-03T11:12:34","modified_gmt":"2026-08-03T17:12:34","slug":"queretaro-cobrara-dos-mil-815-pesos-para-dar-de-baja-autos-viejos","status":"publish","type":"post","link":"https:\/\/elconspirador.com.mx\/?p=81217","title":{"rendered":"QUER\u00c9TARO COBRAR\u00c1 DOS MIL 815 PESOS PARA DAR DE BAJA AUTOS VIEJOS"},"content":{"rendered":"<p>El Gobierno del Estado de Quer\u00e9taro puso en marcha el programa de apoyo vehicular \u201c\u00a1B\u00e1jate del Padr\u00f3n Vehicular!\u201d, costar\u00e1 dos mil 815 pesos por veh\u00edculo, y adem\u00e1s se dar\u00e1n descuentos fiscales para facilitar la regularizaci\u00f3n de los propietarios de autom\u00f3viles con adeudos.<\/p>\n<p>A trav\u00e9s de su publicaci\u00f3n en La Sombra de Arteaga, la Secretar\u00eda de Finanzas dio a conocer los lineamientos del programa, el cual permitir\u00e1 a personas f\u00edsicas dar de baja administrativamente veh\u00edculos que contin\u00faan registrados a su nombre, pese a que ya no son sus poseedores, tenedores o usuarios.<\/p>\n<p>De acuerdo con el documento oficial, el apoyo consiste en \u201cun beneficio en el tr\u00e1mite de baja administrativa vehicular, con un pago \u00fanico para las personas f\u00edsicas que ya no son poseedoras, tenedoras o usuarias de una unidad vehicular que se encuentre registrada a su nombre dentro del Padr\u00f3n Vehicular del Estado, con el \u00fanico efecto de suspender el cobro de las obligaciones fiscales en materia vehicular a favor de la persona beneficiada\u201d.<\/p>\n<p>Para acceder a este beneficio, los interesados deber\u00e1n realizar un pago \u00fanico de 2 mil 815 pesos por cada tr\u00e1mite. El programa estar\u00e1 vigente del 1 al 31 de agosto y cada persona podr\u00e1 dar de baja un m\u00e1ximo de tres veh\u00edculos.<\/p>\n<p>De manera adicional, el Gobierno estatal aprob\u00f3 est\u00edmulos fiscales para quienes mantienen adeudos vehiculares. Los propietarios podr\u00e1n obtener un descuento del 50 por ciento en el pago del impuesto sobre tenencia, derechos y recargos, adem\u00e1s de la condonaci\u00f3n del 100 por ciento de las multas, con el objetivo de incentivar la regularizaci\u00f3n del padr\u00f3n vehicular en la entidad.<\/p>\n","protected":false},"excerpt":{"rendered":"<p>El Gobierno del Estado de Quer\u00e9taro puso en marcha el programa de apoyo vehicular \u201c\u00a1B\u00e1jate del Padr\u00f3n Vehicular!\u201d, costar\u00e1 dos mil 815 pesos por veh\u00edculo, y adem\u00e1s se dar\u00e1n descuentos fiscales para facilitar la regularizaci\u00f3n de los propietarios de autom\u00f3viles con adeudos. A trav\u00e9s de su publicaci\u00f3n en La Sombra de Arteaga, la Secretar\u00eda de Finanzas dio a conocer los<\/p>\n<div class=\"h10\"><\/div>\n<p><a class=\"more-link2 flat\" href=\"https:\/\/elconspirador.com.mx\/?p=81217\">Leer m\u00e1s<\/a><\/p>\n","protected":false},"author":1,"featured_media":81218,"comment_status":"open","ping_status":"open","sticky":false,"template":"","format":"standard","meta":{"om_disable_all_campaigns":false,"_uf_show_specific_survey":0,"_uf_disable_surveys":false},"categories":[1],"tags":[],"aioseo_notices":[],"_links":{"self":[{"href":"https:\/\/elconspirador.com.mx\/index.php?rest_route=\/wp\/v2\/posts\/81217"}],"collection":[{"href":"https:\/\/elconspirador.com.mx\/index.php?rest_route=\/wp\/v2\/posts"}],"about":[{"href":"https:\/\/elconspirador.com.mx\/index.php?rest_route=\/wp\/v2\/types\/post"}],"author":[{"embeddable":true,"href":"https:\/\/elconspirador.com.mx\/index.php?rest_route=\/wp\/v2\/users\/1"}],"replies":[{"embeddable":true,"href":"https:\/\/elconspirador.com.mx\/index.php?rest_route=%2Fwp%2Fv2%2Fcomments&post=81217"}],"version-history":[{"count":1,"href":"https:\/\/elconspirador.com.mx\/index.php?rest_route=\/wp\/v2\/posts\/81217\/revisions"}],"predecessor-version":[{"id":81219,"href":"https:\/\/elconspirador.com.mx\/index.php?rest_route=\/wp\/v2\/posts\/81217\/revisions\/81219"}],"wp:featuredmedia":[{"embeddable":true,"href":"https:\/\/elconspirador.com.mx\/index.php?rest_route=\/wp\/v2\/media\/81218"}],"wp:attachment":[{"href":"https:\/\/elconspirador.com.mx\/index.php?rest_route=%2Fwp%2Fv2%2Fmedia&parent=81217"}],"wp:term":[{"taxonomy":"category","embeddable":true,"href":"https:\/\/elconspirador.com.mx\/index.php?rest_route=%2Fwp%2Fv2%2Fcategories&post=81217"},{"taxonomy":"post_tag","embeddable":true,"href":"https:\/\/elconspirador.com.mx\/index.php?rest_route=%2Fwp%2Fv2%2Ftags&post=81217"}],"curies":[{"name":"wp","href":"https:\/\/api.w.org\/{rel}","templated":true}]}}