{"id":81230,"date":"2026-08-03T12:40:58","date_gmt":"2026-08-03T18:40:58","guid":{"rendered":"https:\/\/elconspirador.com.mx\/?p=81230"},"modified":"2026-08-03T12:40:58","modified_gmt":"2026-08-03T18:40:58","slug":"andador-matamoros-ya-no-sera-espacio-de-arte-urbano","status":"publish","type":"post","link":"https:\/\/elconspirador.com.mx\/?p=81230","title":{"rendered":"ANDADOR MATAMOROS YA NO SER\u00c1 ESPACIO DE ARTE URBANO"},"content":{"rendered":"<p>El superintendente del Centro Hist\u00f3rico de Quer\u00e9taro, Marco \u00c1lvarez Malo, inform\u00f3 que el Andador Matamoros ya no ser\u00e1 destinado como espacio para expresiones de arte urbano, luego de los acuerdos alcanzados con vecinos, comerciantes y colectivos de artistas urbanos y grafiteros.<\/p>\n<p>El funcionario explic\u00f3 que, tras las reuniones sostenidas con los distintos sectores involucrados, no se ha presentado alguna solicitud para retomar la vocaci\u00f3n que durante varios a\u00f1os permiti\u00f3 la realizaci\u00f3n de grafitis, murales y pegatinas con contenido pol\u00edtico y social. Record\u00f3 que las paredes del andador fueron intervenidas y limpiadas en mayo de este a\u00f1o.<\/p>\n<p>\u201cAh\u00ed ya no se ha utilizado como espacio de expresi\u00f3n art\u00edstica. Si bien el andador sigue siendo un punto de reuni\u00f3n donde se juntan y hay expresiones, ya el tema de la pared ya no se ha utilizado. Tuvimos pl\u00e1ticas, tuvimos cercan\u00eda con los colectivos; y ya no hubo la petici\u00f3n de seguir utilizando el espacio. La verdad es que se ha mantenido en santa paz de todos los lados, siempre se escuch\u00f3 a todo mundo; y se determin\u00f3 eso, y ya no ha habido pl\u00e1ticas ni acercamiento ni inquietudes en ese sentido\u201c, detall\u00f3.<\/p>\n<p>\u00c1lvarez Malo se\u00f1al\u00f3 que los colectivos de artistas han mantenido di\u00e1logo con la Secretar\u00eda de Cultura para analizar la posibilidad de habilitar otros espacios destinados a este tipo de expresiones; sin embargo, aclar\u00f3 que hasta el momento no existe una definici\u00f3n para alg\u00fan sitio dentro del Centro Hist\u00f3rico. A\u00f1adi\u00f3 que, desde la rehabilitaci\u00f3n del andador, se ha observado una mejora en su imagen urbana y un incremento en la afluencia de visitantes.<\/p>\n<p>Por otra parte, inform\u00f3 que la Superintendencia mantiene comunicaci\u00f3n con vecinos y comerciantes del Andador Matamoros para atender las afectaciones derivadas de las obras de rehabilitaci\u00f3n de la fachada de la Cineteca Rosal\u00edo Solano. Precis\u00f3 que actualmente se da seguimiento a las inquietudes de 14 establecimientos ubicados en la zona.<\/p>\n<p>\u201cHemos logrado varios acuerdos en sentido de espacios, de tr\u00e1nsito, de horarios de trabajo, y de algunos apoyos y facilidades que el gobierno va a estar dando con ellos para que puedan sobrevivir estos dos o tres meses que va a estar la obra del teatro\u201c, concluy\u00f3.<\/p>\n","protected":false},"excerpt":{"rendered":"<p>El superintendente del Centro Hist\u00f3rico de Quer\u00e9taro, Marco \u00c1lvarez Malo, inform\u00f3 que el Andador Matamoros ya no ser\u00e1 destinado como espacio para expresiones de arte urbano, luego de los acuerdos alcanzados con vecinos, comerciantes y colectivos de artistas urbanos y grafiteros. El funcionario explic\u00f3 que, tras las reuniones sostenidas con los distintos sectores involucrados, no se ha presentado alguna solicitud<\/p>\n<div class=\"h10\"><\/div>\n<p><a class=\"more-link2 flat\" href=\"https:\/\/elconspirador.com.mx\/?p=81230\">Leer m\u00e1s<\/a><\/p>\n","protected":false},"author":1,"featured_media":81231,"comment_status":"open","ping_status":"open","sticky":false,"template":"","format":"standard","meta":{"om_disable_all_campaigns":false,"_uf_show_specific_survey":0,"_uf_disable_surveys":false},"categories":[1],"tags":[],"aioseo_notices":[],"_links":{"self":[{"href":"https:\/\/elconspirador.com.mx\/index.php?rest_route=\/wp\/v2\/posts\/81230"}],"collection":[{"href":"https:\/\/elconspirador.com.mx\/index.php?rest_route=\/wp\/v2\/posts"}],"about":[{"href":"https:\/\/elconspirador.com.mx\/index.php?rest_route=\/wp\/v2\/types\/post"}],"author":[{"embeddable":true,"href":"https:\/\/elconspirador.com.mx\/index.php?rest_route=\/wp\/v2\/users\/1"}],"replies":[{"embeddable":true,"href":"https:\/\/elconspirador.com.mx\/index.php?rest_route=%2Fwp%2Fv2%2Fcomments&post=81230"}],"version-history":[{"count":1,"href":"https:\/\/elconspirador.com.mx\/index.php?rest_route=\/wp\/v2\/posts\/81230\/revisions"}],"predecessor-version":[{"id":81232,"href":"https:\/\/elconspirador.com.mx\/index.php?rest_route=\/wp\/v2\/posts\/81230\/revisions\/81232"}],"wp:featuredmedia":[{"embeddable":true,"href":"https:\/\/elconspirador.com.mx\/index.php?rest_route=\/wp\/v2\/media\/81231"}],"wp:attachment":[{"href":"https:\/\/elconspirador.com.mx\/index.php?rest_route=%2Fwp%2Fv2%2Fmedia&parent=81230"}],"wp:term":[{"taxonomy":"category","embeddable":true,"href":"https:\/\/elconspirador.com.mx\/index.php?rest_route=%2Fwp%2Fv2%2Fcategories&post=81230"},{"taxonomy":"post_tag","embeddable":true,"href":"https:\/\/elconspirador.com.mx\/index.php?rest_route=%2Fwp%2Fv2%2Ftags&post=81230"}],"curies":[{"name":"wp","href":"https:\/\/api.w.org\/{rel}","templated":true}]}}