{"id":82230,"date":"2026-08-30T15:37:51","date_gmt":"2026-08-30T21:37:51","guid":{"rendered":"https:\/\/elconspirador.com.mx\/?p=82230"},"modified":"2026-08-30T15:37:51","modified_gmt":"2026-08-30T21:37:51","slug":"incendio-su-auto-las-amenazo-de-muerte-ya-esta-tras-las-rejas","status":"publish","type":"post","link":"https:\/\/elconspirador.com.mx\/?p=82230","title":{"rendered":"INCENDIO SU AUTO, LAS AMENAZ\u00d3 DE MUERTE\u2026 YA EST\u00c1 TRAS LAS REJAS"},"content":{"rendered":"<p>La Fiscal\u00eda General del Estado de Quer\u00e9taro obtuvo la vinculaci\u00f3n a proceso de Juan Pablo \u201cN\u201d, alias &#8220;Pablote&#8221;, por los delitos de amenazas y da\u00f1os calificados, derivado de hechos ocurridos en la colonia Villas de Guadalupe, en el municipio de Quer\u00e9taro.<\/p>\n<p>De acuerdo con la investigaci\u00f3n, el pasado 29 de mayo del presente a\u00f1o, el imputado acudi\u00f3 al domicilio de las ofendidas, donde las amenaz\u00f3 de muerte con expresiones intimidatorias. Horas m\u00e1s tarde, se dirigi\u00f3 hacia una camioneta propiedad de una de las v\u00edctimas, sobre la cual verti\u00f3 un l\u00edquido inflamable y posteriormente le prendi\u00f3 fuego, provocando la destrucci\u00f3n total del veh\u00edculo antes de huir del lugar.<\/p>\n<p>Como parte de la investigaci\u00f3n, el personal ministerial recab\u00f3 las entrevistas de las v\u00edctimas, quienes realizaron un se\u00f1alamiento directo del imputado. Asimismo, la Polic\u00eda de Investigaci\u00f3n del Delito corrobor\u00f3 su identidad y llev\u00f3 a cabo diligencias especializadas, entre ellas reconocimientos por voz. Posteriormente, se solicit\u00f3 y obtuvo autorizaci\u00f3n judicial para realizar un cateo, diligencia ejecutada el 30 de junio de 2026, durante la cual fueron localizadas prendas de vestir presuntamente utilizadas por el imputado al momento de los hechos.<\/p>\n<p>En audiencia inicial celebrada el 2 de julio de 2026, tras el cumplimiento de la orden de aprehensi\u00f3n, la autoridad judicial vincul\u00f3 a proceso a Juan Pablo \u201cN\u201d por ambos delitos, le impuso la medida cautelar de prisi\u00f3n preventiva justificada y fij\u00f3 un plazo de tres meses para la investigaci\u00f3n complementaria.<\/p>\n","protected":false},"excerpt":{"rendered":"<p>La Fiscal\u00eda General del Estado de Quer\u00e9taro obtuvo la vinculaci\u00f3n a proceso de Juan Pablo \u201cN\u201d, alias &#8220;Pablote&#8221;, por los delitos de amenazas y da\u00f1os calificados, derivado de hechos ocurridos en la colonia Villas de Guadalupe, en el municipio de Quer\u00e9taro. De acuerdo con la investigaci\u00f3n, el pasado 29 de mayo del presente a\u00f1o, el imputado acudi\u00f3 al domicilio de<\/p>\n<div class=\"h10\"><\/div>\n<p><a class=\"more-link2 flat\" href=\"https:\/\/elconspirador.com.mx\/?p=82230\">Leer m\u00e1s<\/a><\/p>\n","protected":false},"author":1,"featured_media":82231,"comment_status":"open","ping_status":"open","sticky":false,"template":"","format":"standard","meta":{"om_disable_all_campaigns":false,"_uf_show_specific_survey":0,"_uf_disable_surveys":false},"categories":[1],"tags":[],"aioseo_notices":[],"_links":{"self":[{"href":"https:\/\/elconspirador.com.mx\/index.php?rest_route=\/wp\/v2\/posts\/82230"}],"collection":[{"href":"https:\/\/elconspirador.com.mx\/index.php?rest_route=\/wp\/v2\/posts"}],"about":[{"href":"https:\/\/elconspirador.com.mx\/index.php?rest_route=\/wp\/v2\/types\/post"}],"author":[{"embeddable":true,"href":"https:\/\/elconspirador.com.mx\/index.php?rest_route=\/wp\/v2\/users\/1"}],"replies":[{"embeddable":true,"href":"https:\/\/elconspirador.com.mx\/index.php?rest_route=%2Fwp%2Fv2%2Fcomments&post=82230"}],"version-history":[{"count":1,"href":"https:\/\/elconspirador.com.mx\/index.php?rest_route=\/wp\/v2\/posts\/82230\/revisions"}],"predecessor-version":[{"id":82232,"href":"https:\/\/elconspirador.com.mx\/index.php?rest_route=\/wp\/v2\/posts\/82230\/revisions\/82232"}],"wp:featuredmedia":[{"embeddable":true,"href":"https:\/\/elconspirador.com.mx\/index.php?rest_route=\/wp\/v2\/media\/82231"}],"wp:attachment":[{"href":"https:\/\/elconspirador.com.mx\/index.php?rest_route=%2Fwp%2Fv2%2Fmedia&parent=82230"}],"wp:term":[{"taxonomy":"category","embeddable":true,"href":"https:\/\/elconspirador.com.mx\/index.php?rest_route=%2Fwp%2Fv2%2Fcategories&post=82230"},{"taxonomy":"post_tag","embeddable":true,"href":"https:\/\/elconspirador.com.mx\/index.php?rest_route=%2Fwp%2Fv2%2Ftags&post=82230"}],"curies":[{"name":"wp","href":"https:\/\/api.w.org\/{rel}","templated":true}]}}