{"id":82233,"date":"2026-08-30T18:47:40","date_gmt":"2026-08-31T00:47:40","guid":{"rendered":"https:\/\/elconspirador.com.mx\/?p=82233"},"modified":"2026-08-30T18:47:40","modified_gmt":"2026-08-31T00:47:40","slug":"felifer-reconoce-labor-de-trabajadores-municipales","status":"publish","type":"post","link":"https:\/\/elconspirador.com.mx\/?p=82233","title":{"rendered":"FELIFER RECONOCE LABOR DE TRABAJADORES MUNICIPALES"},"content":{"rendered":"<p>El presidente municipal de Quer\u00e9taro, Felifer Mac\u00edas, reconoci\u00f3 la vocaci\u00f3n, trayectoria y compromiso de las y los trabajadores municipales, cuya entrega al servicio p\u00fablico contribuye a que Quer\u00e9taro sea hoy la ciudad m\u00e1s competitiva del pa\u00eds, de acuerdo con el Instituto Mexicano para la Competitividad (IMCO), que entre otros rubros evalu\u00f3 la eficiencia del ejercicio de gobierno.<\/p>\n<p>\u201cLes pido que sigamos as\u00ed, con mucha pasi\u00f3n, con mucho amor por el servicio p\u00fablico, con mucha vocaci\u00f3n por las familias, y as\u00ed es como juntos vamos a cuidar, vamos a defender Quer\u00e9taro y, sobre todo, vamos a construir el mejor futuro en la historia del municipio de Quer\u00e9taro. Que vivan las y los trabajadores del municipio de Quer\u00e9taro\u201d, se\u00f1al\u00f3.<\/p>\n<p>Durante la entrega de Est\u00edmulos por A\u00f1os de Servicio, Felifer Mac\u00edas, acompa\u00f1ado por la presidenta del Patrinato del Sistema Municipal DIF, Adriana Olvera de Mac\u00edas, reconoci\u00f3 la labor diaria de 435 servidores p\u00fablicos que han cumplido 10, 15, 20, 25, 30 y 35 a\u00f1os de servicio a las y los queretanos.<\/p>\n<p>Ante un contexto econ\u00f3mico nacional complejo, Felifer Mac\u00edas pidi\u00f3 a las y los servidores p\u00fablicos presentes valorar el privilegio y la nobleza de servir al municipio. Asimismo, los exhort\u00f3 a trabajar con vocaci\u00f3n, sentido de pertenencia y responsabilidad en cada \u00e1rea, pues un buen desempe\u00f1o beneficia a todas y todos los queretanos.<\/p>\n<p>Por \u00faltimo, record\u00f3 la respuesta solidaria del personal municipal ante las contingencias por lluvias del a\u00f1o anterior, cuando incluso personal administrativo sali\u00f3 a acompa\u00f1ar a la poblaci\u00f3n. Adem\u00e1s, destac\u00f3 que esa respuesta demostr\u00f3 la dimensi\u00f3n humana de la administraci\u00f3n y llam\u00f3 a mantener ese esp\u00edritu para construir el mejor futuro del municipio.<\/p>\n<p>El secretario de Administraci\u00f3n, Adri\u00e1n Gonz\u00e1lez Chaparro, se\u00f1al\u00f3 que el evento se realiz\u00f3 con motivo de la entrega del est\u00edmulo por a\u00f1os de servicio, establecido en la cl\u00e1usula 24 del Convenio General de Trabajo, donde se establece que el Municipio entregar\u00e1 anualmente incentivos por aniversario laboral a los trabajadores que cumplan 10, 15, 20, 25, 30 y 35 a\u00f1os de servicio.<\/p>\n","protected":false},"excerpt":{"rendered":"<p>El presidente municipal de Quer\u00e9taro, Felifer Mac\u00edas, reconoci\u00f3 la vocaci\u00f3n, trayectoria y compromiso de las y los trabajadores municipales, cuya entrega al servicio p\u00fablico contribuye a que Quer\u00e9taro sea hoy la ciudad m\u00e1s competitiva del pa\u00eds, de acuerdo con el Instituto Mexicano para la Competitividad (IMCO), que entre otros rubros evalu\u00f3 la eficiencia del ejercicio de gobierno. \u201cLes pido que<\/p>\n<div class=\"h10\"><\/div>\n<p><a class=\"more-link2 flat\" href=\"https:\/\/elconspirador.com.mx\/?p=82233\">Leer m\u00e1s<\/a><\/p>\n","protected":false},"author":1,"featured_media":82234,"comment_status":"open","ping_status":"open","sticky":false,"template":"","format":"standard","meta":{"om_disable_all_campaigns":false,"_uf_show_specific_survey":0,"_uf_disable_surveys":false},"categories":[1],"tags":[],"aioseo_notices":[],"_links":{"self":[{"href":"https:\/\/elconspirador.com.mx\/index.php?rest_route=\/wp\/v2\/posts\/82233"}],"collection":[{"href":"https:\/\/elconspirador.com.mx\/index.php?rest_route=\/wp\/v2\/posts"}],"about":[{"href":"https:\/\/elconspirador.com.mx\/index.php?rest_route=\/wp\/v2\/types\/post"}],"author":[{"embeddable":true,"href":"https:\/\/elconspirador.com.mx\/index.php?rest_route=\/wp\/v2\/users\/1"}],"replies":[{"embeddable":true,"href":"https:\/\/elconspirador.com.mx\/index.php?rest_route=%2Fwp%2Fv2%2Fcomments&post=82233"}],"version-history":[{"count":1,"href":"https:\/\/elconspirador.com.mx\/index.php?rest_route=\/wp\/v2\/posts\/82233\/revisions"}],"predecessor-version":[{"id":82235,"href":"https:\/\/elconspirador.com.mx\/index.php?rest_route=\/wp\/v2\/posts\/82233\/revisions\/82235"}],"wp:featuredmedia":[{"embeddable":true,"href":"https:\/\/elconspirador.com.mx\/index.php?rest_route=\/wp\/v2\/media\/82234"}],"wp:attachment":[{"href":"https:\/\/elconspirador.com.mx\/index.php?rest_route=%2Fwp%2Fv2%2Fmedia&parent=82233"}],"wp:term":[{"taxonomy":"category","embeddable":true,"href":"https:\/\/elconspirador.com.mx\/index.php?rest_route=%2Fwp%2Fv2%2Fcategories&post=82233"},{"taxonomy":"post_tag","embeddable":true,"href":"https:\/\/elconspirador.com.mx\/index.php?rest_route=%2Fwp%2Fv2%2Ftags&post=82233"}],"curies":[{"name":"wp","href":"https:\/\/api.w.org\/{rel}","templated":true}]}}