{"id":82237,"date":"2026-08-30T18:56:37","date_gmt":"2026-08-31T00:56:37","guid":{"rendered":"https:\/\/elconspirador.com.mx\/?p=82237"},"modified":"2026-08-30T18:56:37","modified_gmt":"2026-08-31T00:56:37","slug":"rina-termina-en-tragedia-en-la-capital","status":"publish","type":"post","link":"https:\/\/elconspirador.com.mx\/?p=82237","title":{"rendered":"RI\u00d1A TERMINA EN TRAGEDIA EN LA CAPITAL"},"content":{"rendered":"<p>Un hombre muri\u00f3 apu\u00f1alado durante una ri\u00f1a a manos de otro sujeto en las inmediaciones de la colonia Pe\u00f1uelas, en la capital queretana.<\/p>\n<p>Los hechos ocurrieron por la tarde de este domingo cuando la v\u00edctima caminaba sobre la calle Jardineros. A decir de testigos, casi al cruce con la calle Campesinos fue interceptado por un sujeto a bordo de una motocicleta para moto cross.<\/p>\n<p>El agresor lo encar\u00f3 y sac\u00f3 un arma blanca con la que lo hiri\u00f3 en varias ocasiones para despu\u00e9s huir a toda velocidad con rumbo hacia Menchaca.<\/p>\n<p>Peatones y locatarios de la zona se acercaron para auxiliar al lesionado y pidieron la asistencia de param\u00e9dicos debido a las graves lesiones que presentaba.<\/p>\n<p>Minutos despu\u00e9s llegaron los socorristas y, despu\u00e9s de una revisi\u00f3n, solo confirmaron que la v\u00edctima ya no presentaba signos vitales, por lo que se dio parte a la Fiscal\u00eda.<\/p>\n<p>Tiempo despu\u00e9s acudi\u00f3 personal del Semefo para procesar la escena del crimen y, una vez concluido el peritaje se hizo el levantamiento del cuerpo y su traslado a la morgue para la necropsia de rigor.<\/p>\n<p>Por su parte, elementos de la Polic\u00eda Municipal de Quer\u00e9taro tomaron conocimiento del hecho y resguardaron la zona para facilitar las diligencias legales correspondientes y preservar los indicios.<\/p>\n","protected":false},"excerpt":{"rendered":"<p>Un hombre muri\u00f3 apu\u00f1alado durante una ri\u00f1a a manos de otro sujeto en las inmediaciones de la colonia Pe\u00f1uelas, en la capital queretana. Los hechos ocurrieron por la tarde de este domingo cuando la v\u00edctima caminaba sobre la calle Jardineros. A decir de testigos, casi al cruce con la calle Campesinos fue interceptado por un sujeto a bordo de una<\/p>\n<div class=\"h10\"><\/div>\n<p><a class=\"more-link2 flat\" href=\"https:\/\/elconspirador.com.mx\/?p=82237\">Leer m\u00e1s<\/a><\/p>\n","protected":false},"author":1,"featured_media":82238,"comment_status":"open","ping_status":"open","sticky":false,"template":"","format":"standard","meta":{"om_disable_all_campaigns":false,"_uf_show_specific_survey":0,"_uf_disable_surveys":false},"categories":[1],"tags":[],"aioseo_notices":[],"_links":{"self":[{"href":"https:\/\/elconspirador.com.mx\/index.php?rest_route=\/wp\/v2\/posts\/82237"}],"collection":[{"href":"https:\/\/elconspirador.com.mx\/index.php?rest_route=\/wp\/v2\/posts"}],"about":[{"href":"https:\/\/elconspirador.com.mx\/index.php?rest_route=\/wp\/v2\/types\/post"}],"author":[{"embeddable":true,"href":"https:\/\/elconspirador.com.mx\/index.php?rest_route=\/wp\/v2\/users\/1"}],"replies":[{"embeddable":true,"href":"https:\/\/elconspirador.com.mx\/index.php?rest_route=%2Fwp%2Fv2%2Fcomments&post=82237"}],"version-history":[{"count":1,"href":"https:\/\/elconspirador.com.mx\/index.php?rest_route=\/wp\/v2\/posts\/82237\/revisions"}],"predecessor-version":[{"id":82239,"href":"https:\/\/elconspirador.com.mx\/index.php?rest_route=\/wp\/v2\/posts\/82237\/revisions\/82239"}],"wp:featuredmedia":[{"embeddable":true,"href":"https:\/\/elconspirador.com.mx\/index.php?rest_route=\/wp\/v2\/media\/82238"}],"wp:attachment":[{"href":"https:\/\/elconspirador.com.mx\/index.php?rest_route=%2Fwp%2Fv2%2Fmedia&parent=82237"}],"wp:term":[{"taxonomy":"category","embeddable":true,"href":"https:\/\/elconspirador.com.mx\/index.php?rest_route=%2Fwp%2Fv2%2Fcategories&post=82237"},{"taxonomy":"post_tag","embeddable":true,"href":"https:\/\/elconspirador.com.mx\/index.php?rest_route=%2Fwp%2Fv2%2Ftags&post=82237"}],"curies":[{"name":"wp","href":"https:\/\/api.w.org\/{rel}","templated":true}]}}