{"id":82254,"date":"2026-08-31T20:20:06","date_gmt":"2026-09-01T02:20:06","guid":{"rendered":"https:\/\/elconspirador.com.mx\/?p=82254"},"modified":"2026-08-31T20:20:06","modified_gmt":"2026-09-01T02:20:06","slug":"usebeq-abre-dos-nuevos-planteles-educativos","status":"publish","type":"post","link":"https:\/\/elconspirador.com.mx\/?p=82254","title":{"rendered":"USEBEQ ABRE DOS NUEVOS PLANTELES EDUCATIVOS"},"content":{"rendered":"<p>Para este nuevo ciclo escolar, la Unidad de Servicios para la Educaci\u00f3n B\u00e1sica en el Estado de Quer\u00e9taro (USEBEQ) contempla la apertura de dos nuevas escuelas, inform\u00f3 su titular, Irene Quintanar Mej\u00eda.<\/p>\n<p>La funcionaria detall\u00f3 que una de las instituciones ser\u00e1 un Centro de Atenci\u00f3n M\u00faltiple (CAM) en el municipio de Huimilpan, destinado a atender a ni\u00f1as y ni\u00f1os con alguna discapacidad.<\/p>\n<p>&#8220;Son 2 mil 114 escuelas. Tenemos una escuela de nueva creaci\u00f3n, dos escuelas de nueva creaci\u00f3n: una que est\u00e1 en Huimilpan, que es el CAM, que es para ni\u00f1os con alguna discapacidad&#8221;.<\/p>\n<p>La segunda escuela ser\u00e1 una secundaria en el municipio de San Juan del R\u00edo, con la finalidad de atender la demanda de espacios educativos que existe en esa zona.<\/p>\n<p>Quintanar Mej\u00eda record\u00f3 que este lunes inici\u00f3 el nuevo ciclo escolar, para el cual se tiene previsto el regreso de hasta 350 mil alumnos del sistema b\u00e1sico de educaci\u00f3n.<\/p>\n<p>Asimismo, inform\u00f3 que la USEBEQ habilitar\u00e1 mesas de atenci\u00f3n presencial para los padres de familia que tengan dudas relacionadas con la asignaci\u00f3n de espacios escolares.<\/p>\n<p>&#8220;A partir del 31 de agosto y hasta el 4 de septiembre estaremos de manera presencial con mesas de atenci\u00f3n al p\u00fablico en Quer\u00e9taro, San Juan del R\u00edo, Jalpan y Cadereyta&#8221;, indic\u00f3.<\/p>\n<p>De esta manera, las familias podr\u00e1n acudir a los puntos de atenci\u00f3n instalados por la dependencia para recibir orientaci\u00f3n durante el inicio del ciclo escolar.<\/p>\n","protected":false},"excerpt":{"rendered":"<p>Para este nuevo ciclo escolar, la Unidad de Servicios para la Educaci\u00f3n B\u00e1sica en el Estado de Quer\u00e9taro (USEBEQ) contempla la apertura de dos nuevas escuelas, inform\u00f3 su titular, Irene Quintanar Mej\u00eda. La funcionaria detall\u00f3 que una de las instituciones ser\u00e1 un Centro de Atenci\u00f3n M\u00faltiple (CAM) en el municipio de Huimilpan, destinado a atender a ni\u00f1as y ni\u00f1os con<\/p>\n<div class=\"h10\"><\/div>\n<p><a class=\"more-link2 flat\" href=\"https:\/\/elconspirador.com.mx\/?p=82254\">Leer m\u00e1s<\/a><\/p>\n","protected":false},"author":1,"featured_media":82276,"comment_status":"open","ping_status":"open","sticky":false,"template":"","format":"standard","meta":{"om_disable_all_campaigns":false,"_uf_show_specific_survey":0,"_uf_disable_surveys":false},"categories":[1],"tags":[],"aioseo_notices":[],"_links":{"self":[{"href":"https:\/\/elconspirador.com.mx\/index.php?rest_route=\/wp\/v2\/posts\/82254"}],"collection":[{"href":"https:\/\/elconspirador.com.mx\/index.php?rest_route=\/wp\/v2\/posts"}],"about":[{"href":"https:\/\/elconspirador.com.mx\/index.php?rest_route=\/wp\/v2\/types\/post"}],"author":[{"embeddable":true,"href":"https:\/\/elconspirador.com.mx\/index.php?rest_route=\/wp\/v2\/users\/1"}],"replies":[{"embeddable":true,"href":"https:\/\/elconspirador.com.mx\/index.php?rest_route=%2Fwp%2Fv2%2Fcomments&post=82254"}],"version-history":[{"count":1,"href":"https:\/\/elconspirador.com.mx\/index.php?rest_route=\/wp\/v2\/posts\/82254\/revisions"}],"predecessor-version":[{"id":82256,"href":"https:\/\/elconspirador.com.mx\/index.php?rest_route=\/wp\/v2\/posts\/82254\/revisions\/82256"}],"wp:featuredmedia":[{"embeddable":true,"href":"https:\/\/elconspirador.com.mx\/index.php?rest_route=\/wp\/v2\/media\/82276"}],"wp:attachment":[{"href":"https:\/\/elconspirador.com.mx\/index.php?rest_route=%2Fwp%2Fv2%2Fmedia&parent=82254"}],"wp:term":[{"taxonomy":"category","embeddable":true,"href":"https:\/\/elconspirador.com.mx\/index.php?rest_route=%2Fwp%2Fv2%2Fcategories&post=82254"},{"taxonomy":"post_tag","embeddable":true,"href":"https:\/\/elconspirador.com.mx\/index.php?rest_route=%2Fwp%2Fv2%2Ftags&post=82254"}],"curies":[{"name":"wp","href":"https:\/\/api.w.org\/{rel}","templated":true}]}}