{"id":82257,"date":"2026-08-31T18:13:27","date_gmt":"2026-09-01T00:13:27","guid":{"rendered":"https:\/\/elconspirador.com.mx\/?p=82257"},"modified":"2026-08-31T18:13:27","modified_gmt":"2026-09-01T00:13:27","slug":"mas-de-453-mil-alumnos-de-educacion-basica-regresan-a-clases","status":"publish","type":"post","link":"https:\/\/elconspirador.com.mx\/?p=82257","title":{"rendered":"M\u00c1S DE 453 MIL ALUMNOS DE EDUCACI\u00d3N B\u00c1SICA REGRESAN A CLASES"},"content":{"rendered":"<p>Alrededor de 453 mil alumnos de escuelas p\u00fablicas y privadas de Quer\u00e9taro regresaron a clases este lunes, inform\u00f3 la secretaria de Educaci\u00f3n del estado, Martha Elena Soto Obreg\u00f3n.<\/p>\n<p>La funcionaria detall\u00f3 que, del sistema p\u00fablico de educaci\u00f3n b\u00e1sica, iniciaron el ciclo escolar 364 mil estudiantes, mientras que el resto corresponde a alumnos de instituciones privadas.<\/p>\n<p>Asimismo, se\u00f1al\u00f3 que aproximadamente 22 mil 257 maestros regresaron a las aulas en todo el estado, tanto de escuelas p\u00fablicas como privadas, en los niveles de preescolar, primaria y secundaria.<\/p>\n<p>&#8220;Alrededor de 22 mil 257 maestros, esto es en todo el estado, entre escuelas p\u00fablicas y privadas: preescolar, primaria y secundaria. La verdad, muy contentos de que las obras en Bernardo Quintana acabaran una semana antes porque ya no tuvimos que implementar ninguna acci\u00f3n distinta&#8221;.<\/p>\n<p>Respecto a las escuelas que no iniciaron actividades este lunes, Soto Obreg\u00f3n indic\u00f3 que todav\u00eda no se cuenta con el n\u00famero exacto, aunque asegur\u00f3 que son pocos planteles y que, en algunos casos, se debe a trabajos de mantenimiento de la infraestructura.<\/p>\n<p>Por otro lado, reconoci\u00f3 que la demanda de espacios en educaci\u00f3n inicial y preescolar ha disminuido, situaci\u00f3n que ha provocado que algunas escuelas cierren debido a la falta de alumnos.<\/p>\n<p>La secretaria de Educaci\u00f3n destac\u00f3 que uno de los principales retos para el estado se encuentra en el nivel medio superior, debido al crecimiento de la poblaci\u00f3n y a la migraci\u00f3n que registra Quer\u00e9taro.<\/p>\n<p>&#8220;El reto es en preparatorias, ah\u00ed es donde nosotros tenemos un reto de espacios, por dos razones: la migraci\u00f3n que tenemos todos los d\u00edas en Quer\u00e9taro; y dos, por el cambio en la pir\u00e1mide que est\u00e1 pasando, no solamente en Quer\u00e9taro, sino en todo el pa\u00eds&#8221;.<\/p>\n<p>Finalmente, sobre la deserci\u00f3n escolar, Martha Elena Soto Obreg\u00f3n se\u00f1al\u00f3 que en el sistema b\u00e1sico es pr\u00e1cticamente nula; sin embargo, reconoci\u00f3 que esta situaci\u00f3n representa un desaf\u00edo en el nivel medio superior.<\/p>\n","protected":false},"excerpt":{"rendered":"<p>Alrededor de 453 mil alumnos de escuelas p\u00fablicas y privadas de Quer\u00e9taro regresaron a clases este lunes, inform\u00f3 la secretaria de Educaci\u00f3n del estado, Martha Elena Soto Obreg\u00f3n. La funcionaria detall\u00f3 que, del sistema p\u00fablico de educaci\u00f3n b\u00e1sica, iniciaron el ciclo escolar 364 mil estudiantes, mientras que el resto corresponde a alumnos de instituciones privadas. Asimismo, se\u00f1al\u00f3 que aproximadamente 22<\/p>\n<div class=\"h10\"><\/div>\n<p><a class=\"more-link2 flat\" href=\"https:\/\/elconspirador.com.mx\/?p=82257\">Leer m\u00e1s<\/a><\/p>\n","protected":false},"author":1,"featured_media":82258,"comment_status":"open","ping_status":"open","sticky":false,"template":"","format":"standard","meta":{"om_disable_all_campaigns":false,"_uf_show_specific_survey":0,"_uf_disable_surveys":false},"categories":[1],"tags":[],"aioseo_notices":[],"_links":{"self":[{"href":"https:\/\/elconspirador.com.mx\/index.php?rest_route=\/wp\/v2\/posts\/82257"}],"collection":[{"href":"https:\/\/elconspirador.com.mx\/index.php?rest_route=\/wp\/v2\/posts"}],"about":[{"href":"https:\/\/elconspirador.com.mx\/index.php?rest_route=\/wp\/v2\/types\/post"}],"author":[{"embeddable":true,"href":"https:\/\/elconspirador.com.mx\/index.php?rest_route=\/wp\/v2\/users\/1"}],"replies":[{"embeddable":true,"href":"https:\/\/elconspirador.com.mx\/index.php?rest_route=%2Fwp%2Fv2%2Fcomments&post=82257"}],"version-history":[{"count":1,"href":"https:\/\/elconspirador.com.mx\/index.php?rest_route=\/wp\/v2\/posts\/82257\/revisions"}],"predecessor-version":[{"id":82259,"href":"https:\/\/elconspirador.com.mx\/index.php?rest_route=\/wp\/v2\/posts\/82257\/revisions\/82259"}],"wp:featuredmedia":[{"embeddable":true,"href":"https:\/\/elconspirador.com.mx\/index.php?rest_route=\/wp\/v2\/media\/82258"}],"wp:attachment":[{"href":"https:\/\/elconspirador.com.mx\/index.php?rest_route=%2Fwp%2Fv2%2Fmedia&parent=82257"}],"wp:term":[{"taxonomy":"category","embeddable":true,"href":"https:\/\/elconspirador.com.mx\/index.php?rest_route=%2Fwp%2Fv2%2Fcategories&post=82257"},{"taxonomy":"post_tag","embeddable":true,"href":"https:\/\/elconspirador.com.mx\/index.php?rest_route=%2Fwp%2Fv2%2Ftags&post=82257"}],"curies":[{"name":"wp","href":"https:\/\/api.w.org\/{rel}","templated":true}]}}