{"id":82266,"date":"2026-08-31T14:34:43","date_gmt":"2026-08-31T20:34:43","guid":{"rendered":"https:\/\/elconspirador.com.mx\/?p=82266"},"modified":"2026-08-31T14:34:43","modified_gmt":"2026-08-31T20:34:43","slug":"alistan-obras-en-calle-invierno","status":"publish","type":"post","link":"https:\/\/elconspirador.com.mx\/?p=82266","title":{"rendered":"ALISTAN OBRAS EN CALLE INVIERNO"},"content":{"rendered":"<p>Esta semana se definir\u00e1n las fechas para la intervenci\u00f3n de la calle Invierno, como parte de las obras del tren de pasajeros M\u00e9xico-Quer\u00e9taro, inform\u00f3 el secretario de Gobierno, Eric Gudi\u00f1o Torres.<\/p>\n<p>El funcionario explic\u00f3 que durante la reuni\u00f3n sostenida la semana pasada con autoridades federales se acord\u00f3 que en los pr\u00f3ximos d\u00edas se dar\u00edan a conocer mayores detalles sobre los trabajos, con el objetivo de coordinar las acciones necesarias.<\/p>\n<p>&#8220;Nos vamos a coordinar esta semana, apenas, para definir el inicio de la obra en Invierno. La estaci\u00f3n a\u00fan no tiene fecha de inicio de construcci\u00f3n&#8221;.<\/p>\n<p>Gudi\u00f1o Torres se\u00f1al\u00f3 que los trabajos ser\u00e1n coordinados con las autoridades federales, quienes est\u00e1n encargadas de la ejecuci\u00f3n de la obra ferroviaria.<\/p>\n<p>Explic\u00f3 que el gobierno estatal busca conocer de manera formal el proyecto para poder establecer las acciones de apoyo y coordinaci\u00f3n durante el desarrollo de las obras.<\/p>\n<p>&#8220;Con la intenci\u00f3n de que la obra se lleve en mejores condiciones y nosotros sumar y apoyar en la operaci\u00f3n de esta obra. Queremos conocer de manera formal el proyecto&#8221;.<\/p>\n","protected":false},"excerpt":{"rendered":"<p>Esta semana se definir\u00e1n las fechas para la intervenci\u00f3n de la calle Invierno, como parte de las obras del tren de pasajeros M\u00e9xico-Quer\u00e9taro, inform\u00f3 el secretario de Gobierno, Eric Gudi\u00f1o Torres. El funcionario explic\u00f3 que durante la reuni\u00f3n sostenida la semana pasada con autoridades federales se acord\u00f3 que en los pr\u00f3ximos d\u00edas se dar\u00edan a conocer mayores detalles sobre los<\/p>\n<div class=\"h10\"><\/div>\n<p><a class=\"more-link2 flat\" href=\"https:\/\/elconspirador.com.mx\/?p=82266\">Leer m\u00e1s<\/a><\/p>\n","protected":false},"author":1,"featured_media":82267,"comment_status":"open","ping_status":"open","sticky":false,"template":"","format":"standard","meta":{"om_disable_all_campaigns":false,"_uf_show_specific_survey":0,"_uf_disable_surveys":false},"categories":[1],"tags":[],"aioseo_notices":[],"_links":{"self":[{"href":"https:\/\/elconspirador.com.mx\/index.php?rest_route=\/wp\/v2\/posts\/82266"}],"collection":[{"href":"https:\/\/elconspirador.com.mx\/index.php?rest_route=\/wp\/v2\/posts"}],"about":[{"href":"https:\/\/elconspirador.com.mx\/index.php?rest_route=\/wp\/v2\/types\/post"}],"author":[{"embeddable":true,"href":"https:\/\/elconspirador.com.mx\/index.php?rest_route=\/wp\/v2\/users\/1"}],"replies":[{"embeddable":true,"href":"https:\/\/elconspirador.com.mx\/index.php?rest_route=%2Fwp%2Fv2%2Fcomments&post=82266"}],"version-history":[{"count":1,"href":"https:\/\/elconspirador.com.mx\/index.php?rest_route=\/wp\/v2\/posts\/82266\/revisions"}],"predecessor-version":[{"id":82268,"href":"https:\/\/elconspirador.com.mx\/index.php?rest_route=\/wp\/v2\/posts\/82266\/revisions\/82268"}],"wp:featuredmedia":[{"embeddable":true,"href":"https:\/\/elconspirador.com.mx\/index.php?rest_route=\/wp\/v2\/media\/82267"}],"wp:attachment":[{"href":"https:\/\/elconspirador.com.mx\/index.php?rest_route=%2Fwp%2Fv2%2Fmedia&parent=82266"}],"wp:term":[{"taxonomy":"category","embeddable":true,"href":"https:\/\/elconspirador.com.mx\/index.php?rest_route=%2Fwp%2Fv2%2Fcategories&post=82266"},{"taxonomy":"post_tag","embeddable":true,"href":"https:\/\/elconspirador.com.mx\/index.php?rest_route=%2Fwp%2Fv2%2Ftags&post=82266"}],"curies":[{"name":"wp","href":"https:\/\/api.w.org\/{rel}","templated":true}]}}