{"id":82269,"date":"2026-08-31T13:46:47","date_gmt":"2026-08-31T19:46:47","guid":{"rendered":"https:\/\/elconspirador.com.mx\/?p=82269"},"modified":"2026-08-31T13:46:47","modified_gmt":"2026-08-31T19:46:47","slug":"sin-incidentes-el-regreso-a-clases-poes","status":"publish","type":"post","link":"https:\/\/elconspirador.com.mx\/?p=82269","title":{"rendered":"SIN INCIDENTES, EL REGRESO A CLASES: POES"},"content":{"rendered":"<p>El regreso a clases transcurri\u00f3 sin incidencias durante las primeras horas de este lunes en Quer\u00e9taro, inform\u00f3 el secretario de Seguridad Ciudadana, Iov\u00e1n El\u00edas P\u00e9rez Hern\u00e1ndez, quien se\u00f1al\u00f3 que la Polic\u00eda Estatal (POES) despleg\u00f3 labores de vigilancia para acompa\u00f1ar el inicio del ciclo escolar.<\/p>\n<p>El funcionario explic\u00f3 que desde las 5:00 horas sostuvo una reuni\u00f3n con el equipo de la Direcci\u00f3n Operativa de la Polic\u00eda Estatal para revisar el dispositivo, mientras que durante la ma\u00f1ana recibi\u00f3 reportes de las condiciones de seguridad cada 25 minutos.<\/p>\n<p>\u201cEl \u00faltimo reporte de la Direcci\u00f3n Operativa es que todo iba transcurriendo sin ninguna novedad. Vamos a estar de igual forma muy pendientes de los horarios de salida y con much\u00edsimo gusto les vamos a estar informando. Hasta el momento ha sido un regreso sin incidentes y en las mejores condiciones\u201d, se\u00f1al\u00f3.<\/p>\n<p>P\u00e9rez Hern\u00e1ndez agreg\u00f3 que la vigilancia continuar\u00e1 durante los horarios de salida de las escuelas para atender cualquier eventualidad. El operativo forma parte de las acciones de presencia que mantiene la corporaci\u00f3n estatal en coordinaci\u00f3n con las polic\u00edas municipales de las diferentes regiones de Quer\u00e9taro.<\/p>\n","protected":false},"excerpt":{"rendered":"<p>El regreso a clases transcurri\u00f3 sin incidencias durante las primeras horas de este lunes en Quer\u00e9taro, inform\u00f3 el secretario de Seguridad Ciudadana, Iov\u00e1n El\u00edas P\u00e9rez Hern\u00e1ndez, quien se\u00f1al\u00f3 que la Polic\u00eda Estatal (POES) despleg\u00f3 labores de vigilancia para acompa\u00f1ar el inicio del ciclo escolar. El funcionario explic\u00f3 que desde las 5:00 horas sostuvo una reuni\u00f3n con el equipo de la<\/p>\n<div class=\"h10\"><\/div>\n<p><a class=\"more-link2 flat\" href=\"https:\/\/elconspirador.com.mx\/?p=82269\">Leer m\u00e1s<\/a><\/p>\n","protected":false},"author":1,"featured_media":82270,"comment_status":"open","ping_status":"open","sticky":false,"template":"","format":"standard","meta":{"om_disable_all_campaigns":false,"_uf_show_specific_survey":0,"_uf_disable_surveys":false},"categories":[1],"tags":[],"aioseo_notices":[],"_links":{"self":[{"href":"https:\/\/elconspirador.com.mx\/index.php?rest_route=\/wp\/v2\/posts\/82269"}],"collection":[{"href":"https:\/\/elconspirador.com.mx\/index.php?rest_route=\/wp\/v2\/posts"}],"about":[{"href":"https:\/\/elconspirador.com.mx\/index.php?rest_route=\/wp\/v2\/types\/post"}],"author":[{"embeddable":true,"href":"https:\/\/elconspirador.com.mx\/index.php?rest_route=\/wp\/v2\/users\/1"}],"replies":[{"embeddable":true,"href":"https:\/\/elconspirador.com.mx\/index.php?rest_route=%2Fwp%2Fv2%2Fcomments&post=82269"}],"version-history":[{"count":1,"href":"https:\/\/elconspirador.com.mx\/index.php?rest_route=\/wp\/v2\/posts\/82269\/revisions"}],"predecessor-version":[{"id":82271,"href":"https:\/\/elconspirador.com.mx\/index.php?rest_route=\/wp\/v2\/posts\/82269\/revisions\/82271"}],"wp:featuredmedia":[{"embeddable":true,"href":"https:\/\/elconspirador.com.mx\/index.php?rest_route=\/wp\/v2\/media\/82270"}],"wp:attachment":[{"href":"https:\/\/elconspirador.com.mx\/index.php?rest_route=%2Fwp%2Fv2%2Fmedia&parent=82269"}],"wp:term":[{"taxonomy":"category","embeddable":true,"href":"https:\/\/elconspirador.com.mx\/index.php?rest_route=%2Fwp%2Fv2%2Fcategories&post=82269"},{"taxonomy":"post_tag","embeddable":true,"href":"https:\/\/elconspirador.com.mx\/index.php?rest_route=%2Fwp%2Fv2%2Ftags&post=82269"}],"curies":[{"name":"wp","href":"https:\/\/api.w.org\/{rel}","templated":true}]}}