{"id":82284,"date":"2026-09-01T06:54:21","date_gmt":"2026-09-01T12:54:21","guid":{"rendered":"https:\/\/elconspirador.com.mx\/?p=82284"},"modified":"2026-09-01T06:54:21","modified_gmt":"2026-09-01T12:54:21","slug":"felifer-invita-a-los-ciudadanos-a-participar-en-las-politicas-publicas","status":"publish","type":"post","link":"https:\/\/elconspirador.com.mx\/?p=82284","title":{"rendered":"FELIFER INVITA A LOS CIUDADANOS A PARTICIPAR EN LAS POL\u00cdTICAS P\u00daBLICAS"},"content":{"rendered":"<p>El Municipio de Quer\u00e9taro est\u00e1 abierto a realizar nuevos ejercicios de di\u00e1logo y participaci\u00f3n ciudadana para atender las inquietudes de colectivos y organizaciones respecto al arbolado urbano, asegur\u00f3 el presidente municipal, Felifer Mac\u00edas Olvera, luego de que agrupaciones solicitaran una audiencia para abordar el tema.<\/p>\n<p>El alcalde sostuvo que su administraci\u00f3n fue la primera en impulsar mecanismos como el Cabildo Abierto y los Di\u00e1logos Ciudadanos para incorporar a la ciudadan\u00eda en la discusi\u00f3n de asuntos p\u00fablicos, por lo que asegur\u00f3 que una din\u00e1mica similar podr\u00eda desarrollarse espec\u00edficamente para analizar las preocupaciones relacionadas con los \u00e1rboles de la capital.<\/p>\n<p>\u201cCualquier ejercicio de esta naturaleza se puede realizar para ese tema y decirle a cualquier colectivo, cualquier agrupaci\u00f3n que quiera incentivar este ejercicio: estamos abiertos\u201d, afirm\u00f3.<\/p>\n<p>Respecto a la revisi\u00f3n del arbolado, Mac\u00edas Olvera se\u00f1al\u00f3 que se trata de una labor permanente y destac\u00f3 la elaboraci\u00f3n de un inventario para conocer las condiciones de los ejemplares existentes.<\/p>\n<p>De acuerdo con el presidente municipal, Quer\u00e9taro cuenta con alrededor de 800 mil \u00e1rboles, por lo que reconoci\u00f3 que su revisi\u00f3n representa un trabajo de grandes dimensiones para la administraci\u00f3n municipal.<\/p>\n","protected":false},"excerpt":{"rendered":"<p>El Municipio de Quer\u00e9taro est\u00e1 abierto a realizar nuevos ejercicios de di\u00e1logo y participaci\u00f3n ciudadana para atender las inquietudes de colectivos y organizaciones respecto al arbolado urbano, asegur\u00f3 el presidente municipal, Felifer Mac\u00edas Olvera, luego de que agrupaciones solicitaran una audiencia para abordar el tema. El alcalde sostuvo que su administraci\u00f3n fue la primera en impulsar mecanismos como el Cabildo<\/p>\n<div class=\"h10\"><\/div>\n<p><a class=\"more-link2 flat\" href=\"https:\/\/elconspirador.com.mx\/?p=82284\">Leer m\u00e1s<\/a><\/p>\n","protected":false},"author":1,"featured_media":82285,"comment_status":"open","ping_status":"open","sticky":false,"template":"","format":"standard","meta":{"om_disable_all_campaigns":false,"_uf_show_specific_survey":0,"_uf_disable_surveys":false},"categories":[1],"tags":[],"aioseo_notices":[],"_links":{"self":[{"href":"https:\/\/elconspirador.com.mx\/index.php?rest_route=\/wp\/v2\/posts\/82284"}],"collection":[{"href":"https:\/\/elconspirador.com.mx\/index.php?rest_route=\/wp\/v2\/posts"}],"about":[{"href":"https:\/\/elconspirador.com.mx\/index.php?rest_route=\/wp\/v2\/types\/post"}],"author":[{"embeddable":true,"href":"https:\/\/elconspirador.com.mx\/index.php?rest_route=\/wp\/v2\/users\/1"}],"replies":[{"embeddable":true,"href":"https:\/\/elconspirador.com.mx\/index.php?rest_route=%2Fwp%2Fv2%2Fcomments&post=82284"}],"version-history":[{"count":1,"href":"https:\/\/elconspirador.com.mx\/index.php?rest_route=\/wp\/v2\/posts\/82284\/revisions"}],"predecessor-version":[{"id":82286,"href":"https:\/\/elconspirador.com.mx\/index.php?rest_route=\/wp\/v2\/posts\/82284\/revisions\/82286"}],"wp:featuredmedia":[{"embeddable":true,"href":"https:\/\/elconspirador.com.mx\/index.php?rest_route=\/wp\/v2\/media\/82285"}],"wp:attachment":[{"href":"https:\/\/elconspirador.com.mx\/index.php?rest_route=%2Fwp%2Fv2%2Fmedia&parent=82284"}],"wp:term":[{"taxonomy":"category","embeddable":true,"href":"https:\/\/elconspirador.com.mx\/index.php?rest_route=%2Fwp%2Fv2%2Fcategories&post=82284"},{"taxonomy":"post_tag","embeddable":true,"href":"https:\/\/elconspirador.com.mx\/index.php?rest_route=%2Fwp%2Fv2%2Ftags&post=82284"}],"curies":[{"name":"wp","href":"https:\/\/api.w.org\/{rel}","templated":true}]}}