{"id":82290,"date":"2026-08-31T19:01:50","date_gmt":"2026-09-01T01:01:50","guid":{"rendered":"https:\/\/elconspirador.com.mx\/?p=82290"},"modified":"2026-08-31T18:32:41","modified_gmt":"2026-09-01T00:32:41","slug":"regresan-a-clases-las-escuelas-de-corregidora","status":"publish","type":"post","link":"https:\/\/elconspirador.com.mx\/?p=82290","title":{"rendered":"REGRESAN A CLASES LAS ESCUELAS DE CORREGIDORA"},"content":{"rendered":"<p class=\"s6\"><span class=\"s11\">El presidente municipal de Corregidora, Chepe Guerrero, supervis\u00f3 el regreso a clases y encabez\u00f3 el inicio del ciclo escolar 2026-2027 en la Escuela Telesecundaria \u201cRenato Leduc\u201d, ubicada en la comunidad de Lourdes, donde anunci\u00f3 <\/span><span class=\"s11\">la rehabilitaci\u00f3n de<\/span><span class=\"s11\"> la vialidad de acceso a esta localidad.<\/span><\/p>\n<p class=\"s6\"><span class=\"s11\">\u00a0<\/span><\/p>\n<p class=\"s6\"><span class=\"s11\">El alcalde explic\u00f3 que, tras concluir el proceso mediante el cual la vialidad dej\u00f3 de estar bajo r\u00e9g<\/span><span class=\"s11\">imen ejidal y fue entregada al M<\/span><span class=\"s11\">unicipio, ahora existen las condiciones jur\u00eddicas para destinar recursos p\u00fablicos a su rehabilitaci\u00f3n.<\/span><\/p>\n<p class=\"s6\"><span class=\"s11\">\u00a0<\/span><\/p>\n<p class=\"s6\"><span class=\"s11\">\u201cPara que el M<\/span><span class=\"s11\">unicipio pueda arreglar una calle, tenemos que tener, por as\u00ed decirlo, la propiedad de esa vialidad. Eso antes no hab\u00eda pasado, pero y<\/span><span class=\"s11\">a sucedi\u00f3. Quiero agradecer al E<\/span><span class=\"s11\">jido porque ya nos entregaron la vialidad y ahora s\u00ed vamos a poder invertir recursos pa<\/span><span class=\"s11\">ra arreglarla y dejarla bonita\u201d<\/span><span class=\"s11\">, se\u00f1al\u00f3 Chepe Guerrero, quien agreg\u00f3 que se trabaja en la gesti\u00f3n de los recursos n<\/span><span class=\"s11\">ecesarios para ejecutar la obra. <\/span><\/p>\n<p class=\"s6\"><span class=\"s11\">\u00a0<\/span><\/p>\n<p class=\"s6\"><span class=\"s11\">Ante estudiantes, madres y padres de familia, <\/span><span class=\"s11\">Chepe Guerrero <\/span><span class=\"s11\">inform\u00f3 a la comunidad estudiantil que contin\u00faa abierta la convocatoria para las <\/span><span class=\"s11\">Becas Municipales<\/span><span class=\"s11\"> A Paso Firme<\/span><span class=\"s11\">, por lo que invit\u00f3 a quienes est\u00e9n interesados a acercarse a la Secretar\u00eda de Desarrollo Social para conocer los requisitos y realizar su registro.<\/span><\/p>\n<p class=\"s6\"><span class=\"s11\">\u00a0<\/span><\/p>\n<p class=\"s6\"><span class=\"s11\">Durante el acto, la directora de la Escuela Telesecundaria \u201cRenato Leduc\u201d, Mtra. Olivia Rivera Vera, agradeci\u00f3 la presencia del alcalde y reconoci\u00f3 el respaldo que el Gobierno Municipal brinda a las instituciones educativas.<\/span><\/p>\n<p class=\"s6\"><span class=\"s11\">\u00a0<\/span><\/p>\n<p class=\"s6\"><span class=\"s11\">\u201cHoy es un d\u00eda de gran alegr\u00eda y agradecimiento porque iniciamos un nuevo ciclo escolar lleno de metas y aprendizajes. Su presencia hoy aqu\u00ed inspira a nuestros estudiantes a dar su mejor esfuerzo para que cada generaci\u00f3n que llegue a nuestras aulas encuentre en ellas una oportunidad para aprender, crecer y transformar su comunidad\u201d, afirm\u00f3.<\/span><\/p>\n<p class=\"s6\"><span class=\"s11\">\u00a0<\/span><\/p>\n<p class=\"s6\"><span class=\"s11\">Rivera Vera destac\u00f3 adem\u00e1s la relevancia de la modalidad de telesecundaria, que cumple 42 a\u00f1os de servicio en Quer\u00e9taro, y reconoci\u00f3 a las personas que han contribuido a consolidar este modelo educativo y garantizar el derecho a la educaci\u00f3n.<\/span><\/p>\n","protected":false},"excerpt":{"rendered":"<p>El presidente municipal de Corregidora, Chepe Guerrero, supervis\u00f3 el regreso a clases y encabez\u00f3 el inicio del ciclo escolar 2026-2027 en la Escuela Telesecundaria \u201cRenato Leduc\u201d, ubicada en la comunidad de Lourdes, donde anunci\u00f3 la rehabilitaci\u00f3n de la vialidad de acceso a esta localidad. \u00a0 El alcalde explic\u00f3 que, tras concluir el proceso mediante el cual la vialidad dej\u00f3 de<\/p>\n<div class=\"h10\"><\/div>\n<p><a class=\"more-link2 flat\" href=\"https:\/\/elconspirador.com.mx\/?p=82290\">Leer m\u00e1s<\/a><\/p>\n","protected":false},"author":1,"featured_media":82291,"comment_status":"open","ping_status":"open","sticky":false,"template":"","format":"standard","meta":{"om_disable_all_campaigns":false,"_uf_show_specific_survey":0,"_uf_disable_surveys":false},"categories":[1],"tags":[],"aioseo_notices":[],"_links":{"self":[{"href":"https:\/\/elconspirador.com.mx\/index.php?rest_route=\/wp\/v2\/posts\/82290"}],"collection":[{"href":"https:\/\/elconspirador.com.mx\/index.php?rest_route=\/wp\/v2\/posts"}],"about":[{"href":"https:\/\/elconspirador.com.mx\/index.php?rest_route=\/wp\/v2\/types\/post"}],"author":[{"embeddable":true,"href":"https:\/\/elconspirador.com.mx\/index.php?rest_route=\/wp\/v2\/users\/1"}],"replies":[{"embeddable":true,"href":"https:\/\/elconspirador.com.mx\/index.php?rest_route=%2Fwp%2Fv2%2Fcomments&post=82290"}],"version-history":[{"count":1,"href":"https:\/\/elconspirador.com.mx\/index.php?rest_route=\/wp\/v2\/posts\/82290\/revisions"}],"predecessor-version":[{"id":82292,"href":"https:\/\/elconspirador.com.mx\/index.php?rest_route=\/wp\/v2\/posts\/82290\/revisions\/82292"}],"wp:featuredmedia":[{"embeddable":true,"href":"https:\/\/elconspirador.com.mx\/index.php?rest_route=\/wp\/v2\/media\/82291"}],"wp:attachment":[{"href":"https:\/\/elconspirador.com.mx\/index.php?rest_route=%2Fwp%2Fv2%2Fmedia&parent=82290"}],"wp:term":[{"taxonomy":"category","embeddable":true,"href":"https:\/\/elconspirador.com.mx\/index.php?rest_route=%2Fwp%2Fv2%2Fcategories&post=82290"},{"taxonomy":"post_tag","embeddable":true,"href":"https:\/\/elconspirador.com.mx\/index.php?rest_route=%2Fwp%2Fv2%2Ftags&post=82290"}],"curies":[{"name":"wp","href":"https:\/\/api.w.org\/{rel}","templated":true}]}}