{"id":82314,"date":"2026-09-01T17:03:16","date_gmt":"2026-09-01T23:03:16","guid":{"rendered":"https:\/\/elconspirador.com.mx\/?p=82314"},"modified":"2026-09-01T17:03:16","modified_gmt":"2026-09-01T23:03:16","slug":"chepe-guerrero-se-reune-con-atletas-de-deportes-adaptados","status":"publish","type":"post","link":"https:\/\/elconspirador.com.mx\/?p=82314","title":{"rendered":"CHEPE GUERRERO SE RE\u00daNE CON ATLETAS DE DEPORTES ADAPTADOS"},"content":{"rendered":"<p class=\"s6\"><span class=\"s5\">El presidente municipal de Corregidora, Chepe Guerrero, se reuni\u00f3 con atletas de deporte adaptado que representar\u00e1n a Quer\u00e9taro en la pr\u00f3xima Paralimpiada, as\u00ed como con dos deportistas que recientemente obtuvieron medallas en la competencia de Para Swimming, realizada en Guadalajara, a quienes reconoci\u00f3 por su talento, disciplina y dedicaci\u00f3n.<\/span><\/p>\n<p class=\"s6\"><span class=\"s5\">\u00a0<\/span><\/p>\n<p class=\"s6\"><span class=\"s5\">En el marco de su Segundo Informe de Resultados, el alcalde destac\u00f3 ante los atletas y sus familias la creaci\u00f3n de la Jefatura de Deporte Adaptado como una promesa de campa\u00f1a cumplida, que responde a la necesidad de brindar atenci\u00f3n especializada a atletas y personas con discapacidad en Corregidora.<\/span><\/p>\n<p class=\"s6\"><span class=\"s5\">\u00a0<\/span><\/p>\n<p class=\"s6\"><span class=\"s5\">\u201cVolver a reconocerles de verdad sus esfuerzos, su talento, su dedicaci\u00f3n, su disciplina y decirles que la creaci\u00f3n del Departamento de Deporte Adaptado obedece a que estamos conscientes de que tenemos atletas con un muy buen nivel y que se preparan, que est\u00e1n buscando opciones y oportunidades; que tenemos muy buenos maestros. Tambi\u00e9n, felicidades por su trabajo y gracias por lo que hacen, por la dedicaci\u00f3n, por la calidad con la que lo hacen\u201d, expres\u00f3.<\/span><\/p>\n<p class=\"s6\"><span class=\"s5\">\u00a0<\/span><\/p>\n<p class=\"s6\"><span class=\"s5\">Chepe Guerrero agradeci\u00f3 a los deportistas por poner en alto el nombre de Corregidora y asegur\u00f3 que sus logros representan un motivo de orgullo para todo el municipio.<\/span><\/p>\n<p class=\"s6\"><span class=\"s5\">\u00a0<\/span><\/p>\n<p class=\"s6\"><span class=\"s5\">Por ello, a<\/span><span class=\"s5\"> trav\u00e9s de<\/span><span class=\"s5\">l<\/span><span class=\"s5\"> Departamento de Deporte Adaptado, el Gobierno Municipal impulsa actividades de acompa\u00f1amiento que fortalecen la participaci\u00f3n y el desarrollo, adem\u00e1s de generar mejores oportunidades para quienes practican alguna disciplina adaptada.<\/span><\/p>\n<p class=\"s6\"><span class=\"s5\">\u00a0<\/span><\/p>\n<p class=\"s6\"><span class=\"s5\">En la reuni\u00f3n estuvieron presentes el secretario de Desarrollo Social, Germ\u00e1n Borja Gardu\u00f1o, y el director del Instituto Municipal del Deporte, Luis G\u00f3mez Ugalde, quienes informaron que los materiales requeridos por los atletas ya se encuentran disponibles <\/span><span class=\"s5\">y ser\u00e1n entregados para contribuir a mejorar sus condiciones durante sus competencias y procesos de preparaci\u00f3n.<\/span><\/p>\n","protected":false},"excerpt":{"rendered":"<p>El presidente municipal de Corregidora, Chepe Guerrero, se reuni\u00f3 con atletas de deporte adaptado que representar\u00e1n a Quer\u00e9taro en la pr\u00f3xima Paralimpiada, as\u00ed como con dos deportistas que recientemente obtuvieron medallas en la competencia de Para Swimming, realizada en Guadalajara, a quienes reconoci\u00f3 por su talento, disciplina y dedicaci\u00f3n. \u00a0 En el marco de su Segundo Informe de Resultados, el<\/p>\n<div class=\"h10\"><\/div>\n<p><a class=\"more-link2 flat\" href=\"https:\/\/elconspirador.com.mx\/?p=82314\">Leer m\u00e1s<\/a><\/p>\n","protected":false},"author":1,"featured_media":82315,"comment_status":"open","ping_status":"open","sticky":false,"template":"","format":"standard","meta":{"om_disable_all_campaigns":false,"_uf_show_specific_survey":0,"_uf_disable_surveys":false},"categories":[1],"tags":[],"aioseo_notices":[],"_links":{"self":[{"href":"https:\/\/elconspirador.com.mx\/index.php?rest_route=\/wp\/v2\/posts\/82314"}],"collection":[{"href":"https:\/\/elconspirador.com.mx\/index.php?rest_route=\/wp\/v2\/posts"}],"about":[{"href":"https:\/\/elconspirador.com.mx\/index.php?rest_route=\/wp\/v2\/types\/post"}],"author":[{"embeddable":true,"href":"https:\/\/elconspirador.com.mx\/index.php?rest_route=\/wp\/v2\/users\/1"}],"replies":[{"embeddable":true,"href":"https:\/\/elconspirador.com.mx\/index.php?rest_route=%2Fwp%2Fv2%2Fcomments&post=82314"}],"version-history":[{"count":1,"href":"https:\/\/elconspirador.com.mx\/index.php?rest_route=\/wp\/v2\/posts\/82314\/revisions"}],"predecessor-version":[{"id":82316,"href":"https:\/\/elconspirador.com.mx\/index.php?rest_route=\/wp\/v2\/posts\/82314\/revisions\/82316"}],"wp:featuredmedia":[{"embeddable":true,"href":"https:\/\/elconspirador.com.mx\/index.php?rest_route=\/wp\/v2\/media\/82315"}],"wp:attachment":[{"href":"https:\/\/elconspirador.com.mx\/index.php?rest_route=%2Fwp%2Fv2%2Fmedia&parent=82314"}],"wp:term":[{"taxonomy":"category","embeddable":true,"href":"https:\/\/elconspirador.com.mx\/index.php?rest_route=%2Fwp%2Fv2%2Fcategories&post=82314"},{"taxonomy":"post_tag","embeddable":true,"href":"https:\/\/elconspirador.com.mx\/index.php?rest_route=%2Fwp%2Fv2%2Ftags&post=82314"}],"curies":[{"name":"wp","href":"https:\/\/api.w.org\/{rel}","templated":true}]}}