{"id":82317,"date":"2026-09-02T10:22:21","date_gmt":"2026-09-02T16:22:21","guid":{"rendered":"https:\/\/elconspirador.com.mx\/?p=82317"},"modified":"2026-09-02T10:22:21","modified_gmt":"2026-09-02T16:22:21","slug":"candidatos-podran-colocar-su-propaganda-en-qrobus","status":"publish","type":"post","link":"https:\/\/elconspirador.com.mx\/?p=82317","title":{"rendered":"CANDIDATOS PODR\u00c1N COLOCAR SU PROPAGANDA EN QROB\u00daS"},"content":{"rendered":"<p>La publicidad pol\u00edtica de candidatos y partidos podr\u00e1 colocarse en las paradas y autobuses del sistema de transporte p\u00fablico Qrobus, inform\u00f3 el director de la Agencia de Movilidad del Estado de Quer\u00e9taro (AMEQ), Gerardo Cuanalo Santos.<\/p>\n<p>Explic\u00f3 que actualmente existen espacios publicitarios disponibles en algunas paradas, cuya comercializaci\u00f3n est\u00e1 a cargo de una empresa privada. Los recursos obtenidos ser\u00e1n destinados a la contrataci\u00f3n de internet gratuito para los usuarios.<\/p>\n<p>\u201cRealmente depende de la publicidad de la venta de la empresa que tiene el permiso para poderlo hacer. Hasta este momento, entiendo que no hay ninguna restricci\u00f3n para que pueda comercializarse cualquier tipo de publicidad\u201d.<\/p>\n<p>Cuanalo Santos record\u00f3 que es la empresa encargada de la venta de los espacios publicitarios la que determina la comercializaci\u00f3n de estos lugares, por lo que los interesados deber\u00e1n realizar directamente con ella la contrataci\u00f3n.<\/p>\n<p>Asimismo, puntualiz\u00f3 que, en caso de que se trate de propaganda pol\u00edtica, los partidos y candidatos deber\u00e1n sujetarse a las disposiciones establecidas por la legislaci\u00f3n electoral.<\/p>\n<p>\u201cEllos tendr\u00e1n que cumplir los requisitos que marca la ley y cumplir los tiempos que estipula la propia ley\u201d.<\/p>\n","protected":false},"excerpt":{"rendered":"<p>La publicidad pol\u00edtica de candidatos y partidos podr\u00e1 colocarse en las paradas y autobuses del sistema de transporte p\u00fablico Qrobus, inform\u00f3 el director de la Agencia de Movilidad del Estado de Quer\u00e9taro (AMEQ), Gerardo Cuanalo Santos. Explic\u00f3 que actualmente existen espacios publicitarios disponibles en algunas paradas, cuya comercializaci\u00f3n est\u00e1 a cargo de una empresa privada. Los recursos obtenidos ser\u00e1n destinados<\/p>\n<div class=\"h10\"><\/div>\n<p><a class=\"more-link2 flat\" href=\"https:\/\/elconspirador.com.mx\/?p=82317\">Leer m\u00e1s<\/a><\/p>\n","protected":false},"author":1,"featured_media":82318,"comment_status":"open","ping_status":"open","sticky":false,"template":"","format":"standard","meta":{"om_disable_all_campaigns":false,"_uf_show_specific_survey":0,"_uf_disable_surveys":false},"categories":[1],"tags":[],"aioseo_notices":[],"_links":{"self":[{"href":"https:\/\/elconspirador.com.mx\/index.php?rest_route=\/wp\/v2\/posts\/82317"}],"collection":[{"href":"https:\/\/elconspirador.com.mx\/index.php?rest_route=\/wp\/v2\/posts"}],"about":[{"href":"https:\/\/elconspirador.com.mx\/index.php?rest_route=\/wp\/v2\/types\/post"}],"author":[{"embeddable":true,"href":"https:\/\/elconspirador.com.mx\/index.php?rest_route=\/wp\/v2\/users\/1"}],"replies":[{"embeddable":true,"href":"https:\/\/elconspirador.com.mx\/index.php?rest_route=%2Fwp%2Fv2%2Fcomments&post=82317"}],"version-history":[{"count":1,"href":"https:\/\/elconspirador.com.mx\/index.php?rest_route=\/wp\/v2\/posts\/82317\/revisions"}],"predecessor-version":[{"id":82319,"href":"https:\/\/elconspirador.com.mx\/index.php?rest_route=\/wp\/v2\/posts\/82317\/revisions\/82319"}],"wp:featuredmedia":[{"embeddable":true,"href":"https:\/\/elconspirador.com.mx\/index.php?rest_route=\/wp\/v2\/media\/82318"}],"wp:attachment":[{"href":"https:\/\/elconspirador.com.mx\/index.php?rest_route=%2Fwp%2Fv2%2Fmedia&parent=82317"}],"wp:term":[{"taxonomy":"category","embeddable":true,"href":"https:\/\/elconspirador.com.mx\/index.php?rest_route=%2Fwp%2Fv2%2Fcategories&post=82317"},{"taxonomy":"post_tag","embeddable":true,"href":"https:\/\/elconspirador.com.mx\/index.php?rest_route=%2Fwp%2Fv2%2Ftags&post=82317"}],"curies":[{"name":"wp","href":"https:\/\/api.w.org\/{rel}","templated":true}]}}