{"id":82320,"date":"2026-09-02T06:53:26","date_gmt":"2026-09-02T12:53:26","guid":{"rendered":"https:\/\/elconspirador.com.mx\/?p=82320"},"modified":"2026-09-02T06:53:26","modified_gmt":"2026-09-02T12:53:26","slug":"diputados-de-la-4t-refrendan-unidad","status":"publish","type":"post","link":"https:\/\/elconspirador.com.mx\/?p=82320","title":{"rendered":"DIPUTADOS DE LA 4T REFRENDAN UNIDAD"},"content":{"rendered":"<p>El Grupo Parlamentario de la 4T en el Congreso del Estado de Quer\u00e9taro sostuvo una reuni\u00f3n de trabajo con la delegada del Comit\u00e9 Ejecutivo Nacional, Karla Valeria G\u00f3mez Blancas, en la que refrend\u00f3 la unidad del grupo y su compromiso con el proyecto de transformaci\u00f3n.<\/p>\n<p>Las y los legisladores asumieron con responsabilidad la mayor\u00eda que les otorgaron los electores queretanos y coincidieron en que ese respaldo representa, ante todo, un mandato para trabajar en favor de la ciudadan\u00eda.<\/p>\n<p>El GPM se\u00f1al\u00f3 que continuar\u00e1 impulsando una agenda legislativa cercana a las necesidades de las y los queretanos, atendiendo las causas sociales y colocando el inter\u00e9s de la poblaci\u00f3n como eje de su trabajo en el Congreso.<\/p>\n","protected":false},"excerpt":{"rendered":"<p>El Grupo Parlamentario de la 4T en el Congreso del Estado de Quer\u00e9taro sostuvo una reuni\u00f3n de trabajo con la delegada del Comit\u00e9 Ejecutivo Nacional, Karla Valeria G\u00f3mez Blancas, en la que refrend\u00f3 la unidad del grupo y su compromiso con el proyecto de transformaci\u00f3n. Las y los legisladores asumieron con responsabilidad la mayor\u00eda que les otorgaron los electores queretanos<\/p>\n<div class=\"h10\"><\/div>\n<p><a class=\"more-link2 flat\" href=\"https:\/\/elconspirador.com.mx\/?p=82320\">Leer m\u00e1s<\/a><\/p>\n","protected":false},"author":1,"featured_media":82321,"comment_status":"open","ping_status":"open","sticky":false,"template":"","format":"standard","meta":{"om_disable_all_campaigns":false,"_uf_show_specific_survey":0,"_uf_disable_surveys":false},"categories":[1],"tags":[],"aioseo_notices":[],"_links":{"self":[{"href":"https:\/\/elconspirador.com.mx\/index.php?rest_route=\/wp\/v2\/posts\/82320"}],"collection":[{"href":"https:\/\/elconspirador.com.mx\/index.php?rest_route=\/wp\/v2\/posts"}],"about":[{"href":"https:\/\/elconspirador.com.mx\/index.php?rest_route=\/wp\/v2\/types\/post"}],"author":[{"embeddable":true,"href":"https:\/\/elconspirador.com.mx\/index.php?rest_route=\/wp\/v2\/users\/1"}],"replies":[{"embeddable":true,"href":"https:\/\/elconspirador.com.mx\/index.php?rest_route=%2Fwp%2Fv2%2Fcomments&post=82320"}],"version-history":[{"count":1,"href":"https:\/\/elconspirador.com.mx\/index.php?rest_route=\/wp\/v2\/posts\/82320\/revisions"}],"predecessor-version":[{"id":82322,"href":"https:\/\/elconspirador.com.mx\/index.php?rest_route=\/wp\/v2\/posts\/82320\/revisions\/82322"}],"wp:featuredmedia":[{"embeddable":true,"href":"https:\/\/elconspirador.com.mx\/index.php?rest_route=\/wp\/v2\/media\/82321"}],"wp:attachment":[{"href":"https:\/\/elconspirador.com.mx\/index.php?rest_route=%2Fwp%2Fv2%2Fmedia&parent=82320"}],"wp:term":[{"taxonomy":"category","embeddable":true,"href":"https:\/\/elconspirador.com.mx\/index.php?rest_route=%2Fwp%2Fv2%2Fcategories&post=82320"},{"taxonomy":"post_tag","embeddable":true,"href":"https:\/\/elconspirador.com.mx\/index.php?rest_route=%2Fwp%2Fv2%2Ftags&post=82320"}],"curies":[{"name":"wp","href":"https:\/\/api.w.org\/{rel}","templated":true}]}}