{"id":82329,"date":"2026-09-02T09:33:20","date_gmt":"2026-09-02T15:33:20","guid":{"rendered":"https:\/\/elconspirador.com.mx\/?p=82329"},"modified":"2026-09-02T09:33:20","modified_gmt":"2026-09-02T15:33:20","slug":"contaminacion-del-aire-impacta-salud-de-los-queretanos","status":"publish","type":"post","link":"https:\/\/elconspirador.com.mx\/?p=82329","title":{"rendered":"CONTAMINACI\u00d3N DEL AIRE IMPACTA SALUD DE LOS QUERETANOS"},"content":{"rendered":"<p>La contaminaci\u00f3n del aire por part\u00edculas suspendidas y ozono habr\u00eda contribuido a cientos de muertes prematuras cada a\u00f1o en Quer\u00e9taro, de acuerdo con el Programa Estatal de Gesti\u00f3n Integral de Calidad del Aire \u201cProAire\u201d 2026-2035, elaborado por la Secretar\u00eda de Desarrollo Sustentable (SEDESU) y publicado en el peri\u00f3dico oficial La Sombra de Arteaga.<\/p>\n<p>Para calcular el impacto, el documento utiliz\u00f3 el software AirQ+ de la Organizaci\u00f3n Mundial de la Salud, que relaciona las concentraciones de contaminantes con datos locales de mortalidad entre personas mayores de 30 a\u00f1os. Las cifras representan muertes prematuras estad\u00edsticamente atribuibles a la exposici\u00f3n y que podr\u00edan haberse evitado si se hubieran cumplido los valores de referencia de la OMS.<\/p>\n<p>El caso de mayor impacto se encontr\u00f3 en el municipio de Quer\u00e9taro, donde el modelo estim\u00f3 1,831 defunciones atribuibles a PM10 entre 2021 y 2025, equivalentes al 7.8 por ciento de las muertes por enfermedad registradas durante el periodo; tan solo en 2024 fueron 469.<\/p>\n<p>Para PM2.5 se calcularon 931 muertes en esos cinco a\u00f1os y otras 174 relacionadas estad\u00edsticamente con exposici\u00f3n a ozono. Estas cifras corresponden a evaluaciones independientes por contaminante y no deben sumarse como si se tratara de personas distintas, debido a que una misma defunci\u00f3n puede estar asociada a la exposici\u00f3n a varios contaminantes.<\/p>\n<p>Las PM10 son part\u00edculas suspendidas con un di\u00e1metro de hasta 10 micr\u00f3metros, capaces de ingresar y acumularse en el aparato respiratorio, mientras que las PM2.5 son todav\u00eda m\u00e1s peque\u00f1as, de hasta 2.5 micr\u00f3metros, por lo que pueden alcanzar las v\u00edas respiratorias inferiores y est\u00e1n relacionadas con da\u00f1os en los sistemas respiratorio y circulatorio.<\/p>\n<p>Las concentraciones se expresan en \u00b5g\/m\u00b3, es decir, microgramos de contaminante presentes en cada metro c\u00fabico de aire; un microgramo equivale a una millon\u00e9sima parte de un gramo. Aunque parecen cantidades diminutas, la exposici\u00f3n continua es la que incrementa los riesgos para la salud.<\/p>\n<p>El problema mostr\u00f3 una tendencia al alza hasta 2024. En la capital, el promedio anual de PM2.5 pas\u00f3 de 13.84 \u00b5g\/m\u00b3 en 2021 a 16.05 en 2024, mientras que en Corregidora aument\u00f3 de 10.94 a 16.99; el valor utilizado por la OMS como referencia en la evaluaci\u00f3n fue de 10 \u00b5g\/m\u00b3.<\/p>\n<p>En Quer\u00e9taro, las muertes atribuibles a PM2.5 aumentaron de 140 a 219 en ese periodo, mientras que en Corregidora pasaron de siete a 53 y la tasa de mortalidad calculada se multiplic\u00f3 por m\u00e1s de siete. Para 2025 las concentraciones disminuyeron, comportamiento que el documento relaciona con condiciones meteorol\u00f3gicas favorables para la dispersi\u00f3n de contaminantes.<\/p>\n<p>\u201cEn conjunto, los resultados del per\u00edodo 2021-2024 muestran que [&#8230;] el ozono (O3) y las part\u00edculas PM2.5 y PM10 se consolidan como los contaminantes cr\u00edticos para la entidad\u201d, concluye el ProAire.<\/p>\n<p>El diagn\u00f3stico se\u00f1ala que estos contaminantes rebasaron de manera sostenida los l\u00edmites establecidos en la Zona Metropolitana de Quer\u00e9taro y, en el caso de las PM2.5, tambi\u00e9n en San Juan del R\u00edo, por lo que plantea reforzar el monitoreo y reducir las fuentes que generan part\u00edculas y precursores del ozono.<\/p>\n","protected":false},"excerpt":{"rendered":"<p>La contaminaci\u00f3n del aire por part\u00edculas suspendidas y ozono habr\u00eda contribuido a cientos de muertes prematuras cada a\u00f1o en Quer\u00e9taro, de acuerdo con el Programa Estatal de Gesti\u00f3n Integral de Calidad del Aire \u201cProAire\u201d 2026-2035, elaborado por la Secretar\u00eda de Desarrollo Sustentable (SEDESU) y publicado en el peri\u00f3dico oficial La Sombra de Arteaga. Para calcular el impacto, el documento utiliz\u00f3<\/p>\n<div class=\"h10\"><\/div>\n<p><a class=\"more-link2 flat\" href=\"https:\/\/elconspirador.com.mx\/?p=82329\">Leer m\u00e1s<\/a><\/p>\n","protected":false},"author":1,"featured_media":82330,"comment_status":"open","ping_status":"open","sticky":false,"template":"","format":"standard","meta":{"om_disable_all_campaigns":false,"_uf_show_specific_survey":0,"_uf_disable_surveys":false},"categories":[1],"tags":[],"aioseo_notices":[],"_links":{"self":[{"href":"https:\/\/elconspirador.com.mx\/index.php?rest_route=\/wp\/v2\/posts\/82329"}],"collection":[{"href":"https:\/\/elconspirador.com.mx\/index.php?rest_route=\/wp\/v2\/posts"}],"about":[{"href":"https:\/\/elconspirador.com.mx\/index.php?rest_route=\/wp\/v2\/types\/post"}],"author":[{"embeddable":true,"href":"https:\/\/elconspirador.com.mx\/index.php?rest_route=\/wp\/v2\/users\/1"}],"replies":[{"embeddable":true,"href":"https:\/\/elconspirador.com.mx\/index.php?rest_route=%2Fwp%2Fv2%2Fcomments&post=82329"}],"version-history":[{"count":1,"href":"https:\/\/elconspirador.com.mx\/index.php?rest_route=\/wp\/v2\/posts\/82329\/revisions"}],"predecessor-version":[{"id":82331,"href":"https:\/\/elconspirador.com.mx\/index.php?rest_route=\/wp\/v2\/posts\/82329\/revisions\/82331"}],"wp:featuredmedia":[{"embeddable":true,"href":"https:\/\/elconspirador.com.mx\/index.php?rest_route=\/wp\/v2\/media\/82330"}],"wp:attachment":[{"href":"https:\/\/elconspirador.com.mx\/index.php?rest_route=%2Fwp%2Fv2%2Fmedia&parent=82329"}],"wp:term":[{"taxonomy":"category","embeddable":true,"href":"https:\/\/elconspirador.com.mx\/index.php?rest_route=%2Fwp%2Fv2%2Fcategories&post=82329"},{"taxonomy":"post_tag","embeddable":true,"href":"https:\/\/elconspirador.com.mx\/index.php?rest_route=%2Fwp%2Fv2%2Ftags&post=82329"}],"curies":[{"name":"wp","href":"https:\/\/api.w.org\/{rel}","templated":true}]}}