{"id":82344,"date":"2026-09-03T13:00:40","date_gmt":"2026-09-03T19:00:40","guid":{"rendered":"https:\/\/elconspirador.com.mx\/?p=82344"},"modified":"2026-09-03T13:01:21","modified_gmt":"2026-09-03T19:01:21","slug":"centro-historico-el-mas-visitado-por-turistas","status":"publish","type":"post","link":"https:\/\/elconspirador.com.mx\/?p=82344","title":{"rendered":"CENTRO HIST\u00d3RICO EL M\u00c1S VISITADO POR TURISTAS"},"content":{"rendered":"<p>El director de promoci\u00f3n de la Secretar\u00eda de turismo del Estado de Quer\u00e9taro, Rodrigo Ibarra se\u00f1al\u00f3 que el centro hist\u00f3rico y el semidesierto fueron los destinos que, hasta el momento tienen mayor concentraci\u00f3n de visitantes, esto a unos d\u00edas de qu\u00e9 concluya formalmente el periodo vacacional de Verano.<\/p>\n<p>Preciso que se tiene una tasa de ocupaci\u00f3n de hasta el 50%, si fuera que se ten\u00eda prevista y que se espera que visite la entidad m\u00e1s de 450,000 personas, principalmente de turismo nacional.<\/p>\n","protected":false},"excerpt":{"rendered":"<p>El director de promoci\u00f3n de la Secretar\u00eda de turismo del Estado de Quer\u00e9taro, Rodrigo Ibarra se\u00f1al\u00f3 que el centro hist\u00f3rico y el semidesierto fueron los destinos que, hasta el momento tienen mayor concentraci\u00f3n de visitantes, esto a unos d\u00edas de qu\u00e9 concluya formalmente el periodo vacacional de Verano. Preciso que se tiene una tasa de ocupaci\u00f3n de hasta el 50%,<\/p>\n<div class=\"h10\"><\/div>\n<p><a class=\"more-link2 flat\" href=\"https:\/\/elconspirador.com.mx\/?p=82344\">Leer m\u00e1s<\/a><\/p>\n","protected":false},"author":1,"featured_media":82345,"comment_status":"open","ping_status":"open","sticky":false,"template":"","format":"standard","meta":{"om_disable_all_campaigns":false,"_uf_show_specific_survey":0,"_uf_disable_surveys":false},"categories":[1],"tags":[],"aioseo_notices":[],"_links":{"self":[{"href":"https:\/\/elconspirador.com.mx\/index.php?rest_route=\/wp\/v2\/posts\/82344"}],"collection":[{"href":"https:\/\/elconspirador.com.mx\/index.php?rest_route=\/wp\/v2\/posts"}],"about":[{"href":"https:\/\/elconspirador.com.mx\/index.php?rest_route=\/wp\/v2\/types\/post"}],"author":[{"embeddable":true,"href":"https:\/\/elconspirador.com.mx\/index.php?rest_route=\/wp\/v2\/users\/1"}],"replies":[{"embeddable":true,"href":"https:\/\/elconspirador.com.mx\/index.php?rest_route=%2Fwp%2Fv2%2Fcomments&post=82344"}],"version-history":[{"count":1,"href":"https:\/\/elconspirador.com.mx\/index.php?rest_route=\/wp\/v2\/posts\/82344\/revisions"}],"predecessor-version":[{"id":82346,"href":"https:\/\/elconspirador.com.mx\/index.php?rest_route=\/wp\/v2\/posts\/82344\/revisions\/82346"}],"wp:featuredmedia":[{"embeddable":true,"href":"https:\/\/elconspirador.com.mx\/index.php?rest_route=\/wp\/v2\/media\/82345"}],"wp:attachment":[{"href":"https:\/\/elconspirador.com.mx\/index.php?rest_route=%2Fwp%2Fv2%2Fmedia&parent=82344"}],"wp:term":[{"taxonomy":"category","embeddable":true,"href":"https:\/\/elconspirador.com.mx\/index.php?rest_route=%2Fwp%2Fv2%2Fcategories&post=82344"},{"taxonomy":"post_tag","embeddable":true,"href":"https:\/\/elconspirador.com.mx\/index.php?rest_route=%2Fwp%2Fv2%2Ftags&post=82344"}],"curies":[{"name":"wp","href":"https:\/\/api.w.org\/{rel}","templated":true}]}}