{"id":82362,"date":"2026-09-02T21:42:52","date_gmt":"2026-09-03T03:42:52","guid":{"rendered":"https:\/\/elconspirador.com.mx\/?p=82362"},"modified":"2026-09-02T21:42:52","modified_gmt":"2026-09-03T03:42:52","slug":"el-marques-va-vs-el-cancer-de-mama","status":"publish","type":"post","link":"https:\/\/elconspirador.com.mx\/?p=82362","title":{"rendered":"EL MARQU\u00c9S VA VS EL C\u00c1NCER DE MAMA"},"content":{"rendered":"<p>&nbsp;<\/p>\n<p>Con el prop\u00f3sito de fortalecer la cultura de prevenci\u00f3n y promover la detecci\u00f3n oportuna del c\u00e1ncer de mama, el Municipio de El Marqu\u00e9s, a trav\u00e9s del Instituto Municipal (IMM) de la Mujer, mantiene activo el programa \u201cPor un Marqu\u00e9s sin C\u00e1ncer de Mama \u2013 Ultrasonidos Mamarios\u201d, mediante el cual se realizar\u00e1n 800 ultrasonidos gratuitos en las tres delegaciones y cabecera municipal de la demarcaci\u00f3n.<\/p>\n<p>La iniciativa est\u00e1 dirigida a mujeres de entre 18 y 39 a\u00f1os de edad, con el objetivo de acercar servicios de salud sin costo que contribuyan a identificar oportunamente posibles alteraciones y, en su caso, facilitar el seguimiento correspondiente.<\/p>\n<p>Cabe destacar que, durante la edici\u00f3n 2025 se detectaron 64 mujeres con resultados BI-RADS 3, lo que permiti\u00f3 brindarles orientaci\u00f3n y seguimiento para favorecer una atenci\u00f3n oportuna.<\/p>\n<p>Para esta edici\u00f3n del programa \u201cPor un Marqu\u00e9s sin C\u00e1ncer de Mama \u2013 Ultrasonidos Mamarios\u201d, los servicios se acercar\u00e1n a las cuatro delegaciones y son brindados por especialistas en c\u00e1ncer de mama y radiolog\u00eda. En La Griega ya se llevaron a cabo los ultrasonidos, mientras que en El Colorado se realizan actualmente en el Centro de Salud de La Piedad y concluir\u00e1n el 4 de septiembre.<\/p>\n<p>En La Ca\u00f1ada, los estudios se ofrecer\u00e1n del 7 al 11 de septiembre en las oficinas del Instituto Municipal de la Mujer; posteriormente, en Jes\u00fas Mar\u00eda se llevar\u00e1n a cabo del 14 al 21 de septiembre en las instalaciones del Instituto Municipal de la Mujer.<\/p>\n<p>Las mujeres interesadas en ser beneficiarias podr\u00e1n acudir a las sedes se\u00f1aladas, en un horario de 09:00 a 13:00 horas, presentando su identificaci\u00f3n oficial vigente (INE), CURP y comprobante de domicilio vigente.<\/p>\n<p>Con estas acciones, la administraci\u00f3n municipal de El Marqu\u00e9s encabezada por Rodrigo Monsalvo Castel\u00e1n refrenda su compromiso de acercar servicios de salud a las mujeres de la demarcaci\u00f3n y generar alternativas que faciliten el cuidado de su bienestar, fortaleciendo una atenci\u00f3n cercana y accesible para las familias marquesinas.<\/p>\n","protected":false},"excerpt":{"rendered":"<p>&nbsp; Con el prop\u00f3sito de fortalecer la cultura de prevenci\u00f3n y promover la detecci\u00f3n oportuna del c\u00e1ncer de mama, el Municipio de El Marqu\u00e9s, a trav\u00e9s del Instituto Municipal (IMM) de la Mujer, mantiene activo el programa \u201cPor un Marqu\u00e9s sin C\u00e1ncer de Mama \u2013 Ultrasonidos Mamarios\u201d, mediante el cual se realizar\u00e1n 800 ultrasonidos gratuitos en las tres delegaciones y<\/p>\n<div class=\"h10\"><\/div>\n<p><a class=\"more-link2 flat\" href=\"https:\/\/elconspirador.com.mx\/?p=82362\">Leer m\u00e1s<\/a><\/p>\n","protected":false},"author":1,"featured_media":82363,"comment_status":"open","ping_status":"open","sticky":false,"template":"","format":"standard","meta":{"om_disable_all_campaigns":false,"_uf_show_specific_survey":0,"_uf_disable_surveys":false},"categories":[1],"tags":[],"aioseo_notices":[],"_links":{"self":[{"href":"https:\/\/elconspirador.com.mx\/index.php?rest_route=\/wp\/v2\/posts\/82362"}],"collection":[{"href":"https:\/\/elconspirador.com.mx\/index.php?rest_route=\/wp\/v2\/posts"}],"about":[{"href":"https:\/\/elconspirador.com.mx\/index.php?rest_route=\/wp\/v2\/types\/post"}],"author":[{"embeddable":true,"href":"https:\/\/elconspirador.com.mx\/index.php?rest_route=\/wp\/v2\/users\/1"}],"replies":[{"embeddable":true,"href":"https:\/\/elconspirador.com.mx\/index.php?rest_route=%2Fwp%2Fv2%2Fcomments&post=82362"}],"version-history":[{"count":1,"href":"https:\/\/elconspirador.com.mx\/index.php?rest_route=\/wp\/v2\/posts\/82362\/revisions"}],"predecessor-version":[{"id":82364,"href":"https:\/\/elconspirador.com.mx\/index.php?rest_route=\/wp\/v2\/posts\/82362\/revisions\/82364"}],"wp:featuredmedia":[{"embeddable":true,"href":"https:\/\/elconspirador.com.mx\/index.php?rest_route=\/wp\/v2\/media\/82363"}],"wp:attachment":[{"href":"https:\/\/elconspirador.com.mx\/index.php?rest_route=%2Fwp%2Fv2%2Fmedia&parent=82362"}],"wp:term":[{"taxonomy":"category","embeddable":true,"href":"https:\/\/elconspirador.com.mx\/index.php?rest_route=%2Fwp%2Fv2%2Fcategories&post=82362"},{"taxonomy":"post_tag","embeddable":true,"href":"https:\/\/elconspirador.com.mx\/index.php?rest_route=%2Fwp%2Fv2%2Ftags&post=82362"}],"curies":[{"name":"wp","href":"https:\/\/api.w.org\/{rel}","templated":true}]}}