{"id":82371,"date":"2026-09-02T18:04:39","date_gmt":"2026-09-03T00:04:39","guid":{"rendered":"https:\/\/elconspirador.com.mx\/?p=82371"},"modified":"2026-09-02T18:04:39","modified_gmt":"2026-09-03T00:04:39","slug":"programas-sociales-queretanos-respetaran-tiempos-politicos","status":"publish","type":"post","link":"https:\/\/elconspirador.com.mx\/?p=82371","title":{"rendered":"PROGRAMAS SOCIALES QUERETANOS RESPETAR\u00c1N TIEMPOS POL\u00cdTICOS"},"content":{"rendered":"<p>El secretario de Desarrollo Social, Luis Bernardo Nava Guerrero, garantiz\u00f3 que la ejecuci\u00f3n de los programas sociales en Quer\u00e9taro se realizar\u00e1 con pleno apego a la ley electoral, de cara a la contienda del pr\u00f3ximo a\u00f1o.<\/p>\n<p>Explic\u00f3 que, a partir de 2027, se prev\u00e9 la suspensi\u00f3n de algunos programas sociales durante el periodo de veda electoral, por lo que la dependencia ya trabaja en una estrategia para garantizar que los beneficiarios contin\u00faen recibiendo los apoyos sin incurrir en violaciones a la legislaci\u00f3n.<\/p>\n<p>&#8220;Nosotros trabajaremos en pleno apego a la ley, y claro que tendremos que operar los programas. En algunos casos podemos atender al padr\u00f3n de beneficiarios previamente, antes de la veda electoral&#8221;.<\/p>\n<p>Nava Guerrero se\u00f1al\u00f3 que uno de los programas que continuar\u00e1 durante este periodo ser\u00e1 el transporte escolar gratuito, aunque se evitar\u00e1 realizar publicidad o difusi\u00f3n del mismo para no incurrir en faltas a la legislaci\u00f3n electoral de Quer\u00e9taro.<\/p>\n<p>&#8220;Estamos, por supuesto, previendo c\u00f3mo darle la tranquilidad a los beneficiarios de que van a recibir los apoyos, de que no s\u00e9, digamos, no van a malpasarse en estas fechas por la veda electoral&#8221;.<\/p>\n<p>El funcionario reiter\u00f3 que la Secretar\u00eda de Desarrollo Social buscar\u00e1 establecer las medidas necesarias para garantizar la continuidad de los apoyos, al mismo tiempo que se respetan las restricciones establecidas por la ley electoral.<\/p>\n","protected":false},"excerpt":{"rendered":"<p>El secretario de Desarrollo Social, Luis Bernardo Nava Guerrero, garantiz\u00f3 que la ejecuci\u00f3n de los programas sociales en Quer\u00e9taro se realizar\u00e1 con pleno apego a la ley electoral, de cara a la contienda del pr\u00f3ximo a\u00f1o. Explic\u00f3 que, a partir de 2027, se prev\u00e9 la suspensi\u00f3n de algunos programas sociales durante el periodo de veda electoral, por lo que la<\/p>\n<div class=\"h10\"><\/div>\n<p><a class=\"more-link2 flat\" href=\"https:\/\/elconspirador.com.mx\/?p=82371\">Leer m\u00e1s<\/a><\/p>\n","protected":false},"author":1,"featured_media":82372,"comment_status":"open","ping_status":"open","sticky":false,"template":"","format":"standard","meta":{"om_disable_all_campaigns":false,"_uf_show_specific_survey":0,"_uf_disable_surveys":false},"categories":[1],"tags":[],"aioseo_notices":[],"_links":{"self":[{"href":"https:\/\/elconspirador.com.mx\/index.php?rest_route=\/wp\/v2\/posts\/82371"}],"collection":[{"href":"https:\/\/elconspirador.com.mx\/index.php?rest_route=\/wp\/v2\/posts"}],"about":[{"href":"https:\/\/elconspirador.com.mx\/index.php?rest_route=\/wp\/v2\/types\/post"}],"author":[{"embeddable":true,"href":"https:\/\/elconspirador.com.mx\/index.php?rest_route=\/wp\/v2\/users\/1"}],"replies":[{"embeddable":true,"href":"https:\/\/elconspirador.com.mx\/index.php?rest_route=%2Fwp%2Fv2%2Fcomments&post=82371"}],"version-history":[{"count":1,"href":"https:\/\/elconspirador.com.mx\/index.php?rest_route=\/wp\/v2\/posts\/82371\/revisions"}],"predecessor-version":[{"id":82373,"href":"https:\/\/elconspirador.com.mx\/index.php?rest_route=\/wp\/v2\/posts\/82371\/revisions\/82373"}],"wp:featuredmedia":[{"embeddable":true,"href":"https:\/\/elconspirador.com.mx\/index.php?rest_route=\/wp\/v2\/media\/82372"}],"wp:attachment":[{"href":"https:\/\/elconspirador.com.mx\/index.php?rest_route=%2Fwp%2Fv2%2Fmedia&parent=82371"}],"wp:term":[{"taxonomy":"category","embeddable":true,"href":"https:\/\/elconspirador.com.mx\/index.php?rest_route=%2Fwp%2Fv2%2Fcategories&post=82371"},{"taxonomy":"post_tag","embeddable":true,"href":"https:\/\/elconspirador.com.mx\/index.php?rest_route=%2Fwp%2Fv2%2Ftags&post=82371"}],"curies":[{"name":"wp","href":"https:\/\/api.w.org\/{rel}","templated":true}]}}