{"id":82374,"date":"2026-09-02T15:59:55","date_gmt":"2026-09-02T21:59:55","guid":{"rendered":"https:\/\/elconspirador.com.mx\/?p=82374"},"modified":"2026-09-02T15:59:55","modified_gmt":"2026-09-02T21:59:55","slug":"a-prision-por-robo-de-cable","status":"publish","type":"post","link":"https:\/\/elconspirador.com.mx\/?p=82374","title":{"rendered":"A PRISI\u00d3N POR ROBO DE CABLE"},"content":{"rendered":"<p>La Fiscal\u00eda General del Estado de Quer\u00e9taro obtuvo la vinculaci\u00f3n a proceso de Jos\u00e9 \u201cN\u201d por el delito de robo simple, derivado de hechos ocurridos el 15 de agosto de 2026, en la colonia Paseos del Pedregal, municipio de Quer\u00e9taro.<\/p>\n<p>De acuerdo con la investigaci\u00f3n, elementos de la Secretar\u00eda de Seguridad P\u00fablica Municipal de Quer\u00e9taro (SSPMQ) realizaban recorridos de vigilancia sobre avenida Pie de la Cuesta, cuando observaron al imputado presuntamente desprendiendo cable de un poste de alumbrado p\u00fablico.<\/p>\n<p>Al percatarse de la presencia policial, el imputado habr\u00eda guardado el cable en una mochila e intentado retirarse del lugar. Tras darle alcance, los elementos localizaron en su poder aproximadamente seis metros de cable, sin que contara con autorizaci\u00f3n para retirarlo, por lo que fue detenido y puesto a disposici\u00f3n de esta Fiscal\u00eda.<\/p>\n<p>Con los datos de prueba recabados por personal misterial y de la Polic\u00eda de Investigaci\u00f3n del Delito, en la audiencia inicial un Juez de Control calific\u00f3 de legal la detenci\u00f3n y resolvi\u00f3 vincular a proceso al imputado por robo simple, imponi\u00e9ndole como medida cautelar prisi\u00f3n preventiva justificada. Asimismo, la autoridad judicial estableci\u00f3 un mes de investigaci\u00f3n complementaria.<\/p>\n","protected":false},"excerpt":{"rendered":"<p>La Fiscal\u00eda General del Estado de Quer\u00e9taro obtuvo la vinculaci\u00f3n a proceso de Jos\u00e9 \u201cN\u201d por el delito de robo simple, derivado de hechos ocurridos el 15 de agosto de 2026, en la colonia Paseos del Pedregal, municipio de Quer\u00e9taro. De acuerdo con la investigaci\u00f3n, elementos de la Secretar\u00eda de Seguridad P\u00fablica Municipal de Quer\u00e9taro (SSPMQ) realizaban recorridos de vigilancia<\/p>\n<div class=\"h10\"><\/div>\n<p><a class=\"more-link2 flat\" href=\"https:\/\/elconspirador.com.mx\/?p=82374\">Leer m\u00e1s<\/a><\/p>\n","protected":false},"author":1,"featured_media":82375,"comment_status":"open","ping_status":"open","sticky":false,"template":"","format":"standard","meta":{"om_disable_all_campaigns":false,"_uf_show_specific_survey":0,"_uf_disable_surveys":false},"categories":[1],"tags":[],"aioseo_notices":[],"_links":{"self":[{"href":"https:\/\/elconspirador.com.mx\/index.php?rest_route=\/wp\/v2\/posts\/82374"}],"collection":[{"href":"https:\/\/elconspirador.com.mx\/index.php?rest_route=\/wp\/v2\/posts"}],"about":[{"href":"https:\/\/elconspirador.com.mx\/index.php?rest_route=\/wp\/v2\/types\/post"}],"author":[{"embeddable":true,"href":"https:\/\/elconspirador.com.mx\/index.php?rest_route=\/wp\/v2\/users\/1"}],"replies":[{"embeddable":true,"href":"https:\/\/elconspirador.com.mx\/index.php?rest_route=%2Fwp%2Fv2%2Fcomments&post=82374"}],"version-history":[{"count":1,"href":"https:\/\/elconspirador.com.mx\/index.php?rest_route=\/wp\/v2\/posts\/82374\/revisions"}],"predecessor-version":[{"id":82376,"href":"https:\/\/elconspirador.com.mx\/index.php?rest_route=\/wp\/v2\/posts\/82374\/revisions\/82376"}],"wp:featuredmedia":[{"embeddable":true,"href":"https:\/\/elconspirador.com.mx\/index.php?rest_route=\/wp\/v2\/media\/82375"}],"wp:attachment":[{"href":"https:\/\/elconspirador.com.mx\/index.php?rest_route=%2Fwp%2Fv2%2Fmedia&parent=82374"}],"wp:term":[{"taxonomy":"category","embeddable":true,"href":"https:\/\/elconspirador.com.mx\/index.php?rest_route=%2Fwp%2Fv2%2Fcategories&post=82374"},{"taxonomy":"post_tag","embeddable":true,"href":"https:\/\/elconspirador.com.mx\/index.php?rest_route=%2Fwp%2Fv2%2Ftags&post=82374"}],"curies":[{"name":"wp","href":"https:\/\/api.w.org\/{rel}","templated":true}]}}