{"id":82377,"date":"2026-09-02T20:25:45","date_gmt":"2026-09-03T02:25:45","guid":{"rendered":"https:\/\/elconspirador.com.mx\/?p=82377"},"modified":"2026-09-02T20:25:45","modified_gmt":"2026-09-03T02:25:45","slug":"auxiliares-viales-capitalinos-llegaran-hasta-la-57","status":"publish","type":"post","link":"https:\/\/elconspirador.com.mx\/?p=82377","title":{"rendered":"AUXILIARES VIALES CAPITALINOS LLEGAR\u00c1N HASTA LA 57"},"content":{"rendered":"<p>El Municipio de Quer\u00e9taro extendi\u00f3 el operativo de auxiliares viales hacia la zona de la carretera 57 ante las afectaciones a la circulaci\u00f3n provocadas por las obras federales y los cierres que han desviado veh\u00edculos hacia Constituyentes y Bernardo Quintana, inform\u00f3 el presidente municipal, Felifer Mac\u00edas Olvera.<\/p>\n<p>Actualmente participan 70 auxiliares viales en puntos como avenida Corregidora, Los Arcos, Paseo de la Constituci\u00f3n y la zona entre Epigmenio Gonz\u00e1lez y Cayetano Rubio, adem\u00e1s de Bernardo Quintana y Constituyentes.<\/p>\n<p>El alcalde se\u00f1al\u00f3 que el esquema permiti\u00f3 mejorar la circulaci\u00f3n en zonas donde anteriormente se registraban problemas viales, por lo que analiza contar con suficiencia presupuestaria para mantenerlo durante el resto del a\u00f1o y ampliar su cobertura.<\/p>\n<p>\u201cEncontramos una pr\u00e1ctica exitosa que est\u00e1 ayudando a la gente, entonces mi decisi\u00f3n es que contin\u00faen, y mi compromiso es revisar la suficiencia presupuestaria para que esto se d\u00e9 todav\u00eda durante lo que reste del a\u00f1o y analizando la ampliaci\u00f3n de estos puntos\u201d, se\u00f1al\u00f3.<\/p>\n<p>Mac\u00edas Olvera explic\u00f3 que los auxiliares fueron contratados inicialmente de manera temporal por las obras de Bernardo Quintana; sin embargo, el municipio buscar\u00e1 un esquema laboral permanente.<\/p>\n<p>A\u00f1adi\u00f3 que parte de la carga vehicular que llega a Constituyentes proviene de El Mirador y del municipio de El Marqu\u00e9s debido a los cierres en la carretera 57, por lo que mantienen comunicaci\u00f3n con autoridades federales para solicitar avances en los trabajos y reducir las afectaciones a los automovilistas.<\/p>\n","protected":false},"excerpt":{"rendered":"<p>El Municipio de Quer\u00e9taro extendi\u00f3 el operativo de auxiliares viales hacia la zona de la carretera 57 ante las afectaciones a la circulaci\u00f3n provocadas por las obras federales y los cierres que han desviado veh\u00edculos hacia Constituyentes y Bernardo Quintana, inform\u00f3 el presidente municipal, Felifer Mac\u00edas Olvera. Actualmente participan 70 auxiliares viales en puntos como avenida Corregidora, Los Arcos, Paseo<\/p>\n<div class=\"h10\"><\/div>\n<p><a class=\"more-link2 flat\" href=\"https:\/\/elconspirador.com.mx\/?p=82377\">Leer m\u00e1s<\/a><\/p>\n","protected":false},"author":1,"featured_media":82378,"comment_status":"open","ping_status":"open","sticky":false,"template":"","format":"standard","meta":{"om_disable_all_campaigns":false,"_uf_show_specific_survey":0,"_uf_disable_surveys":false},"categories":[1],"tags":[],"aioseo_notices":[],"_links":{"self":[{"href":"https:\/\/elconspirador.com.mx\/index.php?rest_route=\/wp\/v2\/posts\/82377"}],"collection":[{"href":"https:\/\/elconspirador.com.mx\/index.php?rest_route=\/wp\/v2\/posts"}],"about":[{"href":"https:\/\/elconspirador.com.mx\/index.php?rest_route=\/wp\/v2\/types\/post"}],"author":[{"embeddable":true,"href":"https:\/\/elconspirador.com.mx\/index.php?rest_route=\/wp\/v2\/users\/1"}],"replies":[{"embeddable":true,"href":"https:\/\/elconspirador.com.mx\/index.php?rest_route=%2Fwp%2Fv2%2Fcomments&post=82377"}],"version-history":[{"count":1,"href":"https:\/\/elconspirador.com.mx\/index.php?rest_route=\/wp\/v2\/posts\/82377\/revisions"}],"predecessor-version":[{"id":82379,"href":"https:\/\/elconspirador.com.mx\/index.php?rest_route=\/wp\/v2\/posts\/82377\/revisions\/82379"}],"wp:featuredmedia":[{"embeddable":true,"href":"https:\/\/elconspirador.com.mx\/index.php?rest_route=\/wp\/v2\/media\/82378"}],"wp:attachment":[{"href":"https:\/\/elconspirador.com.mx\/index.php?rest_route=%2Fwp%2Fv2%2Fmedia&parent=82377"}],"wp:term":[{"taxonomy":"category","embeddable":true,"href":"https:\/\/elconspirador.com.mx\/index.php?rest_route=%2Fwp%2Fv2%2Fcategories&post=82377"},{"taxonomy":"post_tag","embeddable":true,"href":"https:\/\/elconspirador.com.mx\/index.php?rest_route=%2Fwp%2Fv2%2Ftags&post=82377"}],"curies":[{"name":"wp","href":"https:\/\/api.w.org\/{rel}","templated":true}]}}