{"id":82381,"date":"2026-09-02T16:55:04","date_gmt":"2026-09-02T22:55:04","guid":{"rendered":"https:\/\/elconspirador.com.mx\/?p=82381"},"modified":"2026-09-02T16:55:04","modified_gmt":"2026-09-02T22:55:04","slug":"por-problemas-de-cfe-ninguna-empresa-ha-dejado-de-invertir-en-queretaro","status":"publish","type":"post","link":"https:\/\/elconspirador.com.mx\/?p=82381","title":{"rendered":"POR PROBLEMAS DE CFE NINGUNA EMPRESA HA DEJADO DE INVERTIR EN QUER\u00c9TARO"},"content":{"rendered":"<p>Ninguna empresa ha cancelado su llegada a Quer\u00e9taro por falta de energ\u00eda el\u00e9ctrica y el suministro destinado al crecimiento industrial no ha implicado retirar capacidad a los hogares, asegur\u00f3 el gobernador Mauricio Kuri Gonz\u00e1lez, quien destac\u00f3 una mejor respuesta de la Comisi\u00f3n Federal de Electricidad (CFE) ante los problemas registrados en la entidad.<\/p>\n<p>El mandatario se\u00f1al\u00f3 que, despu\u00e9s de la reuni\u00f3n sostenida hace m\u00e1s de un mes con la directora general de la CFE y del encuentro con los 18 municipios, los apagones han disminuido de manera considerable y los tiempos de atenci\u00f3n mejoraron.<\/p>\n<p>Explic\u00f3 que el principal reto para Quer\u00e9taro no se encuentra en la generaci\u00f3n de electricidad, sino en su distribuci\u00f3n y en el mantenimiento de las l\u00edneas.<br \/>\n\u201cNinguna empresa ha dejado de llegar por falta de energ\u00eda y no se le ha quitado nada a la poblaci\u00f3n por mandar la energ\u00eda a otros lados. El tema nunca ha sido la generaci\u00f3n de energ\u00eda\u201d, afirm\u00f3.<\/p>\n<p>Kuri Gonz\u00e1lez agreg\u00f3 que la coordinaci\u00f3n entre la CFE, el Gobierno del Estado, los municipios y el sector empresarial permite identificar con mayor rapidez los puntos que requieren atenci\u00f3n, mientras que las inversiones anunciadas en infraestructura el\u00e9ctrica dar\u00e1n mayor capacidad para responder al crecimiento de Quer\u00e9taro.<\/p>\n<p>Tambi\u00e9n destac\u00f3 que las aportaciones mixtas y la inversi\u00f3n privada en subestaciones han contribuido a mantener la llegada de nuevas inversiones.<\/p>\n","protected":false},"excerpt":{"rendered":"<p>Ninguna empresa ha cancelado su llegada a Quer\u00e9taro por falta de energ\u00eda el\u00e9ctrica y el suministro destinado al crecimiento industrial no ha implicado retirar capacidad a los hogares, asegur\u00f3 el gobernador Mauricio Kuri Gonz\u00e1lez, quien destac\u00f3 una mejor respuesta de la Comisi\u00f3n Federal de Electricidad (CFE) ante los problemas registrados en la entidad. El mandatario se\u00f1al\u00f3 que, despu\u00e9s de la<\/p>\n<div class=\"h10\"><\/div>\n<p><a class=\"more-link2 flat\" href=\"https:\/\/elconspirador.com.mx\/?p=82381\">Leer m\u00e1s<\/a><\/p>\n","protected":false},"author":1,"featured_media":82382,"comment_status":"open","ping_status":"open","sticky":false,"template":"","format":"standard","meta":{"om_disable_all_campaigns":false,"_uf_show_specific_survey":0,"_uf_disable_surveys":false},"categories":[1],"tags":[],"aioseo_notices":[],"_links":{"self":[{"href":"https:\/\/elconspirador.com.mx\/index.php?rest_route=\/wp\/v2\/posts\/82381"}],"collection":[{"href":"https:\/\/elconspirador.com.mx\/index.php?rest_route=\/wp\/v2\/posts"}],"about":[{"href":"https:\/\/elconspirador.com.mx\/index.php?rest_route=\/wp\/v2\/types\/post"}],"author":[{"embeddable":true,"href":"https:\/\/elconspirador.com.mx\/index.php?rest_route=\/wp\/v2\/users\/1"}],"replies":[{"embeddable":true,"href":"https:\/\/elconspirador.com.mx\/index.php?rest_route=%2Fwp%2Fv2%2Fcomments&post=82381"}],"version-history":[{"count":1,"href":"https:\/\/elconspirador.com.mx\/index.php?rest_route=\/wp\/v2\/posts\/82381\/revisions"}],"predecessor-version":[{"id":82383,"href":"https:\/\/elconspirador.com.mx\/index.php?rest_route=\/wp\/v2\/posts\/82381\/revisions\/82383"}],"wp:featuredmedia":[{"embeddable":true,"href":"https:\/\/elconspirador.com.mx\/index.php?rest_route=\/wp\/v2\/media\/82382"}],"wp:attachment":[{"href":"https:\/\/elconspirador.com.mx\/index.php?rest_route=%2Fwp%2Fv2%2Fmedia&parent=82381"}],"wp:term":[{"taxonomy":"category","embeddable":true,"href":"https:\/\/elconspirador.com.mx\/index.php?rest_route=%2Fwp%2Fv2%2Fcategories&post=82381"},{"taxonomy":"post_tag","embeddable":true,"href":"https:\/\/elconspirador.com.mx\/index.php?rest_route=%2Fwp%2Fv2%2Ftags&post=82381"}],"curies":[{"name":"wp","href":"https:\/\/api.w.org\/{rel}","templated":true}]}}