{"id":82387,"date":"2026-09-03T08:47:25","date_gmt":"2026-09-03T14:47:25","guid":{"rendered":"https:\/\/elconspirador.com.mx\/?p=82387"},"modified":"2026-09-03T08:47:25","modified_gmt":"2026-09-03T14:47:25","slug":"agentes-de-movilidad-capitalinos-trabajaran-en-zonas-de-obra","status":"publish","type":"post","link":"https:\/\/elconspirador.com.mx\/?p=82387","title":{"rendered":"AGENTES DE MOVILIDAD CAPITALINOS TRABAJAR\u00c1N EN ZONAS DE OBRA"},"content":{"rendered":"<p>El presidente municipal de Quer\u00e9taro, Felifer Mac\u00edas, anunci\u00f3 que el operativo de auxiliares viales que se implement\u00f3 con motivo de la obra federal del Tren M\u00e9xico-Quer\u00e9taro permanecer\u00e1 de forma permanente en vialidades aleda\u00f1as a Bernardo Quintana, con el objetivo de mejorar la circulaci\u00f3n y apoyar a las y los automovilistas.<\/p>\n<p>Durante un recorrido realizado la madrugada de este jueves 3 de septiembre, en compa\u00f1\u00eda del secretario de Movilidad Pedro \u00c1ngeles, sobre Bernardo Quintana y Avenida Universidad, Felifer Mac\u00edas reconoci\u00f3 la labor y el desempe\u00f1o de las y los trabajadores de la Secretar\u00eda de Movilidad durante las obras del Tren M\u00e9xico-Quer\u00e9taro y destac\u00f3 que, ante los resultados del operativo, se determin\u00f3 mantener de forma permanente la presencia de auxiliares viales.<\/p>\n<p>\u201cT\u00fa reconociste el gran trabajo de nuestros auxiliares viales, mujeres y hombres, que con mucha pasi\u00f3n, con mucha vocaci\u00f3n, ayudaron a que esas semanas complicadas de tr\u00e1fico, la circulaci\u00f3n siempre fluyera. Pues te quiero anunciar que el trabajo de nuestros auxiliares viales va a continuar. Inicialmente iba a terminar este operativo y tambi\u00e9n iba a terminar el trabajo de los auxiliares viales, pues esto ya no, se van a quedar las y los compa\u00f1eros auxiliares viales de manera permanente para auxiliarte en el tr\u00e1fico\u201d, coment\u00f3.<\/p>\n<p>Felifer Mac\u00edas detall\u00f3 que, para reducir la carga vehicular y favorecer una circulaci\u00f3n m\u00e1s fluida, se mantendr\u00e1n los sem\u00e1foros intermitentes y la presencia de auxiliares viales en puntos estrat\u00e9gicos, entre ellos Prolongaci\u00f3n Bernardo Quintana, a la altura de Milenio; Calzada de los Arcos y H\u00e9rcules; Calzada de los Arcos, en su intersecci\u00f3n con Bernardo Quintana; Avenida Universidad; Roncopollo; \u00c1lamos e Industrializaci\u00f3n.<\/p>\n<p>Asimismo, el alcalde llam\u00f3 a la ciudadan\u00eda para atender las recomendaciones e indicaciones de los auxiliares viales, con el prop\u00f3sito de contribuir a una mejor movilidad en el municipio.<\/p>\n","protected":false},"excerpt":{"rendered":"<p>El presidente municipal de Quer\u00e9taro, Felifer Mac\u00edas, anunci\u00f3 que el operativo de auxiliares viales que se implement\u00f3 con motivo de la obra federal del Tren M\u00e9xico-Quer\u00e9taro permanecer\u00e1 de forma permanente en vialidades aleda\u00f1as a Bernardo Quintana, con el objetivo de mejorar la circulaci\u00f3n y apoyar a las y los automovilistas. Durante un recorrido realizado la madrugada de este jueves 3<\/p>\n<div class=\"h10\"><\/div>\n<p><a class=\"more-link2 flat\" href=\"https:\/\/elconspirador.com.mx\/?p=82387\">Leer m\u00e1s<\/a><\/p>\n","protected":false},"author":1,"featured_media":82388,"comment_status":"open","ping_status":"open","sticky":false,"template":"","format":"standard","meta":{"om_disable_all_campaigns":false,"_uf_show_specific_survey":0,"_uf_disable_surveys":false},"categories":[1],"tags":[],"aioseo_notices":[],"_links":{"self":[{"href":"https:\/\/elconspirador.com.mx\/index.php?rest_route=\/wp\/v2\/posts\/82387"}],"collection":[{"href":"https:\/\/elconspirador.com.mx\/index.php?rest_route=\/wp\/v2\/posts"}],"about":[{"href":"https:\/\/elconspirador.com.mx\/index.php?rest_route=\/wp\/v2\/types\/post"}],"author":[{"embeddable":true,"href":"https:\/\/elconspirador.com.mx\/index.php?rest_route=\/wp\/v2\/users\/1"}],"replies":[{"embeddable":true,"href":"https:\/\/elconspirador.com.mx\/index.php?rest_route=%2Fwp%2Fv2%2Fcomments&post=82387"}],"version-history":[{"count":1,"href":"https:\/\/elconspirador.com.mx\/index.php?rest_route=\/wp\/v2\/posts\/82387\/revisions"}],"predecessor-version":[{"id":82389,"href":"https:\/\/elconspirador.com.mx\/index.php?rest_route=\/wp\/v2\/posts\/82387\/revisions\/82389"}],"wp:featuredmedia":[{"embeddable":true,"href":"https:\/\/elconspirador.com.mx\/index.php?rest_route=\/wp\/v2\/media\/82388"}],"wp:attachment":[{"href":"https:\/\/elconspirador.com.mx\/index.php?rest_route=%2Fwp%2Fv2%2Fmedia&parent=82387"}],"wp:term":[{"taxonomy":"category","embeddable":true,"href":"https:\/\/elconspirador.com.mx\/index.php?rest_route=%2Fwp%2Fv2%2Fcategories&post=82387"},{"taxonomy":"post_tag","embeddable":true,"href":"https:\/\/elconspirador.com.mx\/index.php?rest_route=%2Fwp%2Fv2%2Ftags&post=82387"}],"curies":[{"name":"wp","href":"https:\/\/api.w.org\/{rel}","templated":true}]}}