{"id":82390,"date":"2026-09-04T06:53:46","date_gmt":"2026-09-04T12:53:46","guid":{"rendered":"https:\/\/elconspirador.com.mx\/?p=82390"},"modified":"2026-09-04T06:53:46","modified_gmt":"2026-09-04T12:53:46","slug":"escuelas-queretanas-a-la-baja-en-incidencia-de-vandalismo","status":"publish","type":"post","link":"https:\/\/elconspirador.com.mx\/?p=82390","title":{"rendered":"ESCUELAS QUERETANAS A LA BAJA EN INCIDENCIA DE VANDALISMO"},"content":{"rendered":"<p>Durante los primeros d\u00edas del ciclo escolar en Quer\u00e9taro, la Secretar\u00eda de Educaci\u00f3n local mantiene un saldo blanco en cuanto a incidencias graves en las escuelas de la entidad, inform\u00f3 su titular, Martha Elena Soto Obreg\u00f3n.<\/p>\n<p>En entrevista, la funcionaria se\u00f1al\u00f3 que \u00fanicamente se han registrado fallas menores, las cuales, asegur\u00f3, han disminuido significativamente respecto a a\u00f1os anteriores.<\/p>\n<p>&#8220;Gracias al compromiso de los pap\u00e1s, nos ayudan mucho y ha bajado de manera enorme. Tenemos incidencias de un vidrio, de un foco; pero la verdad es que ha bajado de forma importante&#8221;.<\/p>\n<p>La secretaria a\u00f1adi\u00f3 que, pese a las lluvias registradas en las \u00faltimas semanas, tampoco se han reportado afectaciones en los planteles educativos del estado.<\/p>\n<p>&#8220;Tenemos comunicaci\u00f3n constante con el encargado de Protecci\u00f3n Civil; lo vimos antes de empezar las clases, nos dec\u00edan que toda la semana iba a estar con lluvia. La verdad es que hasta el momento no tenemos alg\u00fan dato de alg\u00fan tema importante&#8221;.<\/p>\n<p>Finalmente, Soto Obreg\u00f3n hizo un llamado a los padres de familia para mantenerse atentos a los canales de emergencia y reportar cualquier eventualidad relacionada con las precipitaciones.<\/p>\n<p>La dependencia continuar\u00e1 monitoreando las condiciones clim\u00e1ticas y el estado de las escuelas para garantizar un regreso a clases seguro en toda la entidad.<\/p>\n","protected":false},"excerpt":{"rendered":"<p>Durante los primeros d\u00edas del ciclo escolar en Quer\u00e9taro, la Secretar\u00eda de Educaci\u00f3n local mantiene un saldo blanco en cuanto a incidencias graves en las escuelas de la entidad, inform\u00f3 su titular, Martha Elena Soto Obreg\u00f3n. En entrevista, la funcionaria se\u00f1al\u00f3 que \u00fanicamente se han registrado fallas menores, las cuales, asegur\u00f3, han disminuido significativamente respecto a a\u00f1os anteriores. &#8220;Gracias al<\/p>\n<div class=\"h10\"><\/div>\n<p><a class=\"more-link2 flat\" href=\"https:\/\/elconspirador.com.mx\/?p=82390\">Leer m\u00e1s<\/a><\/p>\n","protected":false},"author":1,"featured_media":82391,"comment_status":"open","ping_status":"open","sticky":false,"template":"","format":"standard","meta":{"om_disable_all_campaigns":false,"_uf_show_specific_survey":0,"_uf_disable_surveys":false},"categories":[1],"tags":[],"aioseo_notices":[],"_links":{"self":[{"href":"https:\/\/elconspirador.com.mx\/index.php?rest_route=\/wp\/v2\/posts\/82390"}],"collection":[{"href":"https:\/\/elconspirador.com.mx\/index.php?rest_route=\/wp\/v2\/posts"}],"about":[{"href":"https:\/\/elconspirador.com.mx\/index.php?rest_route=\/wp\/v2\/types\/post"}],"author":[{"embeddable":true,"href":"https:\/\/elconspirador.com.mx\/index.php?rest_route=\/wp\/v2\/users\/1"}],"replies":[{"embeddable":true,"href":"https:\/\/elconspirador.com.mx\/index.php?rest_route=%2Fwp%2Fv2%2Fcomments&post=82390"}],"version-history":[{"count":1,"href":"https:\/\/elconspirador.com.mx\/index.php?rest_route=\/wp\/v2\/posts\/82390\/revisions"}],"predecessor-version":[{"id":82392,"href":"https:\/\/elconspirador.com.mx\/index.php?rest_route=\/wp\/v2\/posts\/82390\/revisions\/82392"}],"wp:featuredmedia":[{"embeddable":true,"href":"https:\/\/elconspirador.com.mx\/index.php?rest_route=\/wp\/v2\/media\/82391"}],"wp:attachment":[{"href":"https:\/\/elconspirador.com.mx\/index.php?rest_route=%2Fwp%2Fv2%2Fmedia&parent=82390"}],"wp:term":[{"taxonomy":"category","embeddable":true,"href":"https:\/\/elconspirador.com.mx\/index.php?rest_route=%2Fwp%2Fv2%2Fcategories&post=82390"},{"taxonomy":"post_tag","embeddable":true,"href":"https:\/\/elconspirador.com.mx\/index.php?rest_route=%2Fwp%2Fv2%2Ftags&post=82390"}],"curies":[{"name":"wp","href":"https:\/\/api.w.org\/{rel}","templated":true}]}}