{"id":82408,"date":"2026-09-03T17:47:11","date_gmt":"2026-09-03T23:47:11","guid":{"rendered":"https:\/\/elconspirador.com.mx\/?p=82408"},"modified":"2026-09-03T17:47:11","modified_gmt":"2026-09-03T23:47:11","slug":"entregan-utiles-escolares-en-corregidora","status":"publish","type":"post","link":"https:\/\/elconspirador.com.mx\/?p=82408","title":{"rendered":"ENTREGAN \u00daTILES ESCOLARES EN CORREGIDORA"},"content":{"rendered":"<p class=\"s6\"><span class=\"s7\">Con el prop\u00f3sito de que las ni\u00f1as y ni\u00f1os cuenten con las herramientas y los espacios adecuados para su educaci\u00f3n, el gobernador Mauricio Kuri Gonz\u00e1lez, acompa\u00f1ado por el presidente municipal de Corregidora, Josu\u00e9 Guerrero Tr\u00e1pala, encabez\u00f3 la entrega de uniformes, \u00fatiles escolares y un nuevo m\u00f3dulo de aulas en la escuela primaria Emeterio Gonz\u00e1lez, en La Negreta, acciones que benefician a m\u00e1s de 800 alumnos de los turnos matutino y vespertino.<\/span><\/p>\n<p class=\"s6\"><span class=\"s7\">Ah\u00ed, la coordinadora general de la Comisi\u00f3n Estatal de Infraestructura (CEI), Sonia Carrillo Rosillo, explic\u00f3 que el edificio, de dos niveles, se realiz\u00f3 con una inversi\u00f3n de m\u00e1s de nueve millones de pesos y presenta cuatro aulas did\u00e1cticas, un m\u00f3dulo de ba\u00f1os, rampas, bodega, andadores de conexi\u00f3n y 45 luminarias.<\/span><\/p>\n<p class=\"s6\"><span class=\"s7\">\u201cNuestros ni\u00f1os van a tener mejores espacios cada vez, porque adem\u00e1s tiene los espacios inclusivos y ba\u00f1os para personitas con ciertas discapacidades, tenemos rampas de acceso y estamos modernizando la infraestructura en beneficio, en este caso, de toda La Negreta\u201d, precis\u00f3.<\/span><\/p>\n<p class=\"s6\"><span class=\"s7\">A su vez, la coordinadora general de la Unidad de Servicios para la Educaci\u00f3n B\u00e1sica en el Estado de Quer\u00e9taro (USEBEQ), Irene Quintanar Mej\u00eda, dio a conocer que, a lo largo de cinco a\u00f1os, la administraci\u00f3n encabezada por Kuri Gonz\u00e1lez ha entregado \u00fatiles y uniformes a m\u00e1s de 350 mil ni\u00f1os de preescolar, primaria y secundaria, en los 18 municipios de la entidad, y que en este ejercicio se realiz\u00f3 en las dos mil 114 escuelas del estado.<\/span><\/p>\n<p class=\"s6\"><span class=\"s7\">\u201cEstos \u00fatiles contin\u00faan siendo un apoyo para la econom\u00eda familiar (\u2026) vamos a entregar, para que todos nuestros ni\u00f1os se sientan en un piso parejo, que todos sepan que tienen lo elemental para poder iniciar su ciclo escolar y que, seguramente, nos van a faltar algunas cosas d\u00eda a d\u00eda que vamos necesitando los maestros, pero eso ya lo podemos ir trabajando\u201d, finaliz\u00f3.<\/span><\/p>\n<p class=\"s6\">\n","protected":false},"excerpt":{"rendered":"<p>Con el prop\u00f3sito de que las ni\u00f1as y ni\u00f1os cuenten con las herramientas y los espacios adecuados para su educaci\u00f3n, el gobernador Mauricio Kuri Gonz\u00e1lez, acompa\u00f1ado por el presidente municipal de Corregidora, Josu\u00e9 Guerrero Tr\u00e1pala, encabez\u00f3 la entrega de uniformes, \u00fatiles escolares y un nuevo m\u00f3dulo de aulas en la escuela primaria Emeterio Gonz\u00e1lez, en La Negreta, acciones que benefician<\/p>\n<div class=\"h10\"><\/div>\n<p><a class=\"more-link2 flat\" href=\"https:\/\/elconspirador.com.mx\/?p=82408\">Leer m\u00e1s<\/a><\/p>\n","protected":false},"author":1,"featured_media":82409,"comment_status":"open","ping_status":"open","sticky":false,"template":"","format":"standard","meta":{"om_disable_all_campaigns":false,"_uf_show_specific_survey":0,"_uf_disable_surveys":false},"categories":[1],"tags":[],"aioseo_notices":[],"_links":{"self":[{"href":"https:\/\/elconspirador.com.mx\/index.php?rest_route=\/wp\/v2\/posts\/82408"}],"collection":[{"href":"https:\/\/elconspirador.com.mx\/index.php?rest_route=\/wp\/v2\/posts"}],"about":[{"href":"https:\/\/elconspirador.com.mx\/index.php?rest_route=\/wp\/v2\/types\/post"}],"author":[{"embeddable":true,"href":"https:\/\/elconspirador.com.mx\/index.php?rest_route=\/wp\/v2\/users\/1"}],"replies":[{"embeddable":true,"href":"https:\/\/elconspirador.com.mx\/index.php?rest_route=%2Fwp%2Fv2%2Fcomments&post=82408"}],"version-history":[{"count":2,"href":"https:\/\/elconspirador.com.mx\/index.php?rest_route=\/wp\/v2\/posts\/82408\/revisions"}],"predecessor-version":[{"id":82411,"href":"https:\/\/elconspirador.com.mx\/index.php?rest_route=\/wp\/v2\/posts\/82408\/revisions\/82411"}],"wp:featuredmedia":[{"embeddable":true,"href":"https:\/\/elconspirador.com.mx\/index.php?rest_route=\/wp\/v2\/media\/82409"}],"wp:attachment":[{"href":"https:\/\/elconspirador.com.mx\/index.php?rest_route=%2Fwp%2Fv2%2Fmedia&parent=82408"}],"wp:term":[{"taxonomy":"category","embeddable":true,"href":"https:\/\/elconspirador.com.mx\/index.php?rest_route=%2Fwp%2Fv2%2Fcategories&post=82408"},{"taxonomy":"post_tag","embeddable":true,"href":"https:\/\/elconspirador.com.mx\/index.php?rest_route=%2Fwp%2Fv2%2Ftags&post=82408"}],"curies":[{"name":"wp","href":"https:\/\/api.w.org\/{rel}","templated":true}]}}