{"id":82424,"date":"2026-09-03T19:29:38","date_gmt":"2026-09-04T01:29:38","guid":{"rendered":"https:\/\/elconspirador.com.mx\/?p=82424"},"modified":"2026-09-03T19:29:38","modified_gmt":"2026-09-04T01:29:38","slug":"regresa-la-expo-munecas-queretanas","status":"publish","type":"post","link":"https:\/\/elconspirador.com.mx\/?p=82424","title":{"rendered":"REGRESA LA EXPO MU\u00d1ECAS QUERETANAS"},"content":{"rendered":"<p>El evento que lleva 4 a\u00f1os desde su creaci\u00f3n tendr\u00e1 un horario de 11 de la ma\u00f1ana a 8 de la noche, en carretera cuota Quer\u00e9taro- Celaya 45D-KM 6.3, la entrada es libre y presentar\u00e1 en su cuarta edici\u00f3n:<\/p>\n<p>\u2022 La historia detr\u00e1s de las 15 mu\u00f1ecas invitadas en voz de sus creadoras.<\/p>\n<p>\u2022 Presentaci\u00f3n de la nueva mu\u00f1eca de Pinal de Amoles: Pinali<\/p>\n<p>\u2022 La mu\u00f1eca versi\u00f3n de danza de pastoras de Amealco y su historia.<\/p>\n<p>\u2022 Taller de retratos de la mu\u00f1eca Bernalita y Corregidora \u201cMajoce\u201d de las artesanas Lucero Dorantes y Sofia Solano, con la gu\u00eda del artista Pinalense Fernando Santoyo.<\/p>\n<p>\u2022 El domingo de 2 a 4 se podr\u00e1n sacar fotos con la mu\u00f1eca Lel\u00e9, reiterando que los talleres y actividades son cortes\u00eda de Premium Outlets Quer\u00e9taro.<\/p>\n<p>Silvia Pascual artesana de San Ildefonso de Hoky Ko Maye explic\u00f3 la danza de las pastoras, cuya vestimenta porta bordados hechos a mano, listones en se\u00f1al de apoyo familiar de la danzante como una tradici\u00f3n que en su comunidad se sigue preservando. Destac\u00f3 que no s\u00f3lo se trata de los usos y costumbres, a trav\u00e9s de la danza y la mu\u00f1eca puede hacer promoci\u00f3n a un destino:<\/p>\n<p>\u201cNuestro objetivo es que el turismo vaya a nuestra comunidad, es nuestra gastronom\u00eda, el pan de Deli al horno hecho con ma\u00edz, moles tradicionales, los Picos de Yospi, el taller de medicina de Dyxai, vengan a visitarnos\u201d. A la cita tambi\u00e9n acudi\u00f3 Zelma Crist\u00f3bal creadora de la mu\u00f1eca Micaela, del municipio de Huimilpan a presentar a \u201cLa hija del ma\u00edz\u201d, inspirada en la tierra y en la catrina con vestimenta femenina usada para trabajar en el campo. Micaela tiene como distintivo el cabello de lana y la vestimenta de la mujer huimilpense de anta\u00f1o, un retrato de las abuelas que busca trascender al tiempo y contar la historia de la vida de estas mujeres que conviven con lo agr\u00edcola y textil de su lugar de origen y buscan un lugar en la memoria de las nuevas generaciones.<\/p>\n<p>Para finalizar la artesana Sofia Solano del municipio de Quer\u00e9taro, creadora de la mu\u00f1eca inspirada en la Corregidora Ma. Josefa Crecencia a qui\u00e9n nombr\u00f3 \u201cDo\u00f1a Majoce\u201d, destac\u00f3 la importancia de mostrar el talento queretano de la mano de las creadoras, autoras de las mu\u00f1ecas, adem\u00e1s aprovech\u00f3 para hacer un llamado a las autoridades a \u201cVerificar a verdaderos artesanos, independientemente sean ind\u00edgenas o no, ser artesanos al 100% no debe estereotiparse con ser ind\u00edgenas porque se discrimina al artesano que no es ind\u00edgena, pero que s\u00ed trabaja de manera manual creando identidad queretana en sus artesan\u00edas con bordados aut\u00e9nticos\u201d, con respecto a la situaci\u00f3n actual de informales en el centro puntualiz\u00f3 que \u201cEs algo que nos est\u00e1 haciendo da\u00f1o a much\u00edsimos porque no tenemos puntos de venta, esta situaci\u00f3n nos ha estado impidiendo salir, la mayor\u00eda que protesta desafortunadamente no son artesanos, son revendedores y muchas veces su mercanc\u00eda es china, no es congruente tomar las calles cuando ni siquiera son artesanos\u201d .<\/p>\n","protected":false},"excerpt":{"rendered":"<p>El evento que lleva 4 a\u00f1os desde su creaci\u00f3n tendr\u00e1 un horario de 11 de la ma\u00f1ana a 8 de la noche, en carretera cuota Quer\u00e9taro- Celaya 45D-KM 6.3, la entrada es libre y presentar\u00e1 en su cuarta edici\u00f3n: \u2022 La historia detr\u00e1s de las 15 mu\u00f1ecas invitadas en voz de sus creadoras. \u2022 Presentaci\u00f3n de la nueva mu\u00f1eca de<\/p>\n<div class=\"h10\"><\/div>\n<p><a class=\"more-link2 flat\" href=\"https:\/\/elconspirador.com.mx\/?p=82424\">Leer m\u00e1s<\/a><\/p>\n","protected":false},"author":1,"featured_media":82425,"comment_status":"open","ping_status":"open","sticky":false,"template":"","format":"standard","meta":{"om_disable_all_campaigns":false,"_uf_show_specific_survey":0,"_uf_disable_surveys":false},"categories":[1],"tags":[],"aioseo_notices":[],"_links":{"self":[{"href":"https:\/\/elconspirador.com.mx\/index.php?rest_route=\/wp\/v2\/posts\/82424"}],"collection":[{"href":"https:\/\/elconspirador.com.mx\/index.php?rest_route=\/wp\/v2\/posts"}],"about":[{"href":"https:\/\/elconspirador.com.mx\/index.php?rest_route=\/wp\/v2\/types\/post"}],"author":[{"embeddable":true,"href":"https:\/\/elconspirador.com.mx\/index.php?rest_route=\/wp\/v2\/users\/1"}],"replies":[{"embeddable":true,"href":"https:\/\/elconspirador.com.mx\/index.php?rest_route=%2Fwp%2Fv2%2Fcomments&post=82424"}],"version-history":[{"count":1,"href":"https:\/\/elconspirador.com.mx\/index.php?rest_route=\/wp\/v2\/posts\/82424\/revisions"}],"predecessor-version":[{"id":82426,"href":"https:\/\/elconspirador.com.mx\/index.php?rest_route=\/wp\/v2\/posts\/82424\/revisions\/82426"}],"wp:featuredmedia":[{"embeddable":true,"href":"https:\/\/elconspirador.com.mx\/index.php?rest_route=\/wp\/v2\/media\/82425"}],"wp:attachment":[{"href":"https:\/\/elconspirador.com.mx\/index.php?rest_route=%2Fwp%2Fv2%2Fmedia&parent=82424"}],"wp:term":[{"taxonomy":"category","embeddable":true,"href":"https:\/\/elconspirador.com.mx\/index.php?rest_route=%2Fwp%2Fv2%2Fcategories&post=82424"},{"taxonomy":"post_tag","embeddable":true,"href":"https:\/\/elconspirador.com.mx\/index.php?rest_route=%2Fwp%2Fv2%2Ftags&post=82424"}],"curies":[{"name":"wp","href":"https:\/\/api.w.org\/{rel}","templated":true}]}}