{"id":82436,"date":"2026-09-04T18:56:24","date_gmt":"2026-09-05T00:56:24","guid":{"rendered":"https:\/\/elconspirador.com.mx\/?p=82436"},"modified":"2026-09-04T18:56:24","modified_gmt":"2026-09-05T00:56:24","slug":"reduccion-de-jornada-laboral-reto-hasta-el-2030","status":"publish","type":"post","link":"https:\/\/elconspirador.com.mx\/?p=82436","title":{"rendered":"REDUCCI\u00d3N DE JORNADA LABORAL\u2026 RETO HASTA EL 2030"},"content":{"rendered":"<p>Aunque las empresas de Quer\u00e9taro no tendr\u00edan mayores complicaciones con las primeras reducciones de la jornada laboral, el verdadero reto para el sector empresarial llegar\u00e1 cuando se alcance la meta de 40 horas semanales en 2030, afirm\u00f3 la secretaria del Trabajo, Liliana San Mart\u00edn Castillo.<\/p>\n<p>La funcionaria explic\u00f3 que la reducci\u00f3n ser\u00e1 paulatina y que las primeras dos horas no representan actualmente una dificultad importante para los empleadores, por lo que el impacto ser\u00e1 mayor conforme avance el proceso.<\/p>\n<p>&#8220;Las primeras dos horas, yo dir\u00eda, no est\u00e1 siendo el reto dif\u00edcil. Yo creo que incluso las siguientes cuatro horas tampoco lo ser\u00e1. Creo que el reto lo ser\u00e1 de las seis a las ocho horas, cuando alcancemos a hacer esa reducci\u00f3n porque significar\u00e1 un turno para una empresa&#8221;.<\/p>\n<p>De acuerdo con la secretaria del Trabajo, el esquema contempla que para 2027 la jornada se reduzca a 46 horas semanales y posteriormente a 44 horas, hasta llegar a las 40 horas en 2030.<\/p>\n<p>San Mart\u00edn Castillo destac\u00f3 que incluso existen empleadores donde las primeras dos horas de reducci\u00f3n ya forman parte de la din\u00e1mica laboral, por lo que el desaf\u00edo ser\u00e1 mayor cuando se avance hacia una disminuci\u00f3n m\u00e1s amplia de la jornada.<\/p>\n<p>&#8220;Hay muchos empleadores donde las dos horas ya se realizaban. Yo creo que el resto no ser\u00e1n esas primeras dos horas, creo que el reto ser\u00e1 a partir, ni siquiera el siguiente a\u00f1o, a partir de las seis u ocho horas&#8221;.<\/p>\n<p>Finalmente, se\u00f1al\u00f3 que algunos empresarios ya han recibido capacitaci\u00f3n para prepararse ante la implementaci\u00f3n de la reducci\u00f3n de la jornada laboral, por lo que estas acciones continuar\u00e1n durante los pr\u00f3ximos meses.<\/p>\n<p>El objetivo, dijo, es que el sector empresarial pueda realizar los ajustes necesarios y cumplir con las nuevas disposiciones conforme avance la reducci\u00f3n de horas laborales.<\/p>\n","protected":false},"excerpt":{"rendered":"<p>Aunque las empresas de Quer\u00e9taro no tendr\u00edan mayores complicaciones con las primeras reducciones de la jornada laboral, el verdadero reto para el sector empresarial llegar\u00e1 cuando se alcance la meta de 40 horas semanales en 2030, afirm\u00f3 la secretaria del Trabajo, Liliana San Mart\u00edn Castillo. La funcionaria explic\u00f3 que la reducci\u00f3n ser\u00e1 paulatina y que las primeras dos horas no<\/p>\n<div class=\"h10\"><\/div>\n<p><a class=\"more-link2 flat\" href=\"https:\/\/elconspirador.com.mx\/?p=82436\">Leer m\u00e1s<\/a><\/p>\n","protected":false},"author":1,"featured_media":82437,"comment_status":"open","ping_status":"open","sticky":false,"template":"","format":"standard","meta":{"om_disable_all_campaigns":false,"_uf_show_specific_survey":0,"_uf_disable_surveys":false},"categories":[1],"tags":[],"aioseo_notices":[],"_links":{"self":[{"href":"https:\/\/elconspirador.com.mx\/index.php?rest_route=\/wp\/v2\/posts\/82436"}],"collection":[{"href":"https:\/\/elconspirador.com.mx\/index.php?rest_route=\/wp\/v2\/posts"}],"about":[{"href":"https:\/\/elconspirador.com.mx\/index.php?rest_route=\/wp\/v2\/types\/post"}],"author":[{"embeddable":true,"href":"https:\/\/elconspirador.com.mx\/index.php?rest_route=\/wp\/v2\/users\/1"}],"replies":[{"embeddable":true,"href":"https:\/\/elconspirador.com.mx\/index.php?rest_route=%2Fwp%2Fv2%2Fcomments&post=82436"}],"version-history":[{"count":1,"href":"https:\/\/elconspirador.com.mx\/index.php?rest_route=\/wp\/v2\/posts\/82436\/revisions"}],"predecessor-version":[{"id":82438,"href":"https:\/\/elconspirador.com.mx\/index.php?rest_route=\/wp\/v2\/posts\/82436\/revisions\/82438"}],"wp:featuredmedia":[{"embeddable":true,"href":"https:\/\/elconspirador.com.mx\/index.php?rest_route=\/wp\/v2\/media\/82437"}],"wp:attachment":[{"href":"https:\/\/elconspirador.com.mx\/index.php?rest_route=%2Fwp%2Fv2%2Fmedia&parent=82436"}],"wp:term":[{"taxonomy":"category","embeddable":true,"href":"https:\/\/elconspirador.com.mx\/index.php?rest_route=%2Fwp%2Fv2%2Fcategories&post=82436"},{"taxonomy":"post_tag","embeddable":true,"href":"https:\/\/elconspirador.com.mx\/index.php?rest_route=%2Fwp%2Fv2%2Ftags&post=82436"}],"curies":[{"name":"wp","href":"https:\/\/api.w.org\/{rel}","templated":true}]}}