{"id":82439,"date":"2026-09-04T11:51:34","date_gmt":"2026-09-04T17:51:34","guid":{"rendered":"https:\/\/elconspirador.com.mx\/?p=82439"},"modified":"2026-09-04T11:51:34","modified_gmt":"2026-09-04T17:51:34","slug":"felifer-anuncia-su-agenda-cultural-para-este-mes-patrio","status":"publish","type":"post","link":"https:\/\/elconspirador.com.mx\/?p=82439","title":{"rendered":"FELIFER ANUNCIA SU AGENDA CULTURAL PARA ESTE MES PATRIO"},"content":{"rendered":"<p>El presidente municipal de Quer\u00e9taro, Felifer Mac\u00edas, anunci\u00f3 una amplia agenda cultural para los meses de septiembre y octubre, con actividades en el Centro Hist\u00f3rico y las delegaciones municipales, que incluyen literatura, m\u00fasica, arte y eventos con motivo de las fiestas patrias.<\/p>\n<p>\u201cTenemos un fin de semana muy bonito aqu\u00ed en nuestro Centro Hist\u00f3rico. Hoy arranca el Hay Festival, con m\u00e1ximos exponentes de la cultura y la literatura a nivel mundial. Despu\u00e9s vienen los festejos patrios y muchos eventos culturales en el Municipio y las delegaciones para festejar nuestra Independencia Nacional. Luego, la Orquesta Filarm\u00f3nica del Estado de Quer\u00e9taro y el Municipio tienen una gran sorpresa. Tambi\u00e9n, el primer fin de semana de octubre, tenemos el Festival de Ciudades Patrimonio de la Humanidad, que vamos a festejar en grande, con eventos culturales y art\u00edsticos. La ciudad de Quer\u00e9taro, el Municipio de Quer\u00e9taro, somos la capital de la cultura\u201d, se\u00f1al\u00f3.<\/p>\n<p>En el marco de esta agenda, este viernes inicia el Hay Festival Quer\u00e9taro, que re\u00fane a destacadas figuras de la cultura, la literatura, el periodismo y el pensamiento, entre ellas Mar\u00eda Due\u00f1as, Kiran Desai, Carissa V\u00e9liz, Meme del Real y Lydia Cacho, adem\u00e1s de m\u00e1s de un centenar de participantes de M\u00e9xico y otros pa\u00edses.<\/p>\n<p>Como parte de los festejos por la Independencia de M\u00e9xico, el Municipio de Quer\u00e9taro tambi\u00e9n prepara actividades culturales en el Centro Hist\u00f3rico y las delegaciones, con una programaci\u00f3n que se sumar\u00e1 a los eventos organizados por el Gobierno del Estado.<br \/>\nLa agenda continuar\u00e1 con dos conciertos de la Orquesta Filarm\u00f3nica del Estado de Quer\u00e9taro, programados para el s\u00e1bado 26 y domingo 27 de septiembre, como parte de una propuesta que presentar\u00e1 un concepto innovador para el p\u00fablico queretano y visitantes.<\/p>\n<p>Para el primer fin de semana de octubre se llevar\u00e1 a cabo el Festival de Ciudades Patrimonio de la Humanidad, con motivo del 30 aniversario de la declaratoria del Centro Hist\u00f3rico de Quer\u00e9taro como Patrimonio Cultural de la Humanidad por la UNESCO. El programa contempla actividades culturales y art\u00edsticas para conmemorar esta fecha.<\/p>\n<p>Para conocer las actividades del Hay Festival Quer\u00e9taro, las y los interesados pueden consultar la cartelera disponible en la p\u00e1gina de la Secretar\u00eda de Cultura del Municipio de Quer\u00e9taro, as\u00ed como en las redes sociales del presidente municipal, Felifer Mac\u00edas. En estos espacios tambi\u00e9n podr\u00e1n conocer la programaci\u00f3n de las distintas actividades culturales que se realizar\u00e1n durante septiembre y octubre.<\/p>\n","protected":false},"excerpt":{"rendered":"<p>El presidente municipal de Quer\u00e9taro, Felifer Mac\u00edas, anunci\u00f3 una amplia agenda cultural para los meses de septiembre y octubre, con actividades en el Centro Hist\u00f3rico y las delegaciones municipales, que incluyen literatura, m\u00fasica, arte y eventos con motivo de las fiestas patrias. \u201cTenemos un fin de semana muy bonito aqu\u00ed en nuestro Centro Hist\u00f3rico. Hoy arranca el Hay Festival, con<\/p>\n<div class=\"h10\"><\/div>\n<p><a class=\"more-link2 flat\" href=\"https:\/\/elconspirador.com.mx\/?p=82439\">Leer m\u00e1s<\/a><\/p>\n","protected":false},"author":1,"featured_media":82440,"comment_status":"open","ping_status":"open","sticky":false,"template":"","format":"standard","meta":{"om_disable_all_campaigns":false,"_uf_show_specific_survey":0,"_uf_disable_surveys":false},"categories":[1],"tags":[],"aioseo_notices":[],"_links":{"self":[{"href":"https:\/\/elconspirador.com.mx\/index.php?rest_route=\/wp\/v2\/posts\/82439"}],"collection":[{"href":"https:\/\/elconspirador.com.mx\/index.php?rest_route=\/wp\/v2\/posts"}],"about":[{"href":"https:\/\/elconspirador.com.mx\/index.php?rest_route=\/wp\/v2\/types\/post"}],"author":[{"embeddable":true,"href":"https:\/\/elconspirador.com.mx\/index.php?rest_route=\/wp\/v2\/users\/1"}],"replies":[{"embeddable":true,"href":"https:\/\/elconspirador.com.mx\/index.php?rest_route=%2Fwp%2Fv2%2Fcomments&post=82439"}],"version-history":[{"count":1,"href":"https:\/\/elconspirador.com.mx\/index.php?rest_route=\/wp\/v2\/posts\/82439\/revisions"}],"predecessor-version":[{"id":82441,"href":"https:\/\/elconspirador.com.mx\/index.php?rest_route=\/wp\/v2\/posts\/82439\/revisions\/82441"}],"wp:featuredmedia":[{"embeddable":true,"href":"https:\/\/elconspirador.com.mx\/index.php?rest_route=\/wp\/v2\/media\/82440"}],"wp:attachment":[{"href":"https:\/\/elconspirador.com.mx\/index.php?rest_route=%2Fwp%2Fv2%2Fmedia&parent=82439"}],"wp:term":[{"taxonomy":"category","embeddable":true,"href":"https:\/\/elconspirador.com.mx\/index.php?rest_route=%2Fwp%2Fv2%2Fcategories&post=82439"},{"taxonomy":"post_tag","embeddable":true,"href":"https:\/\/elconspirador.com.mx\/index.php?rest_route=%2Fwp%2Fv2%2Ftags&post=82439"}],"curies":[{"name":"wp","href":"https:\/\/api.w.org\/{rel}","templated":true}]}}